{"id":3357,"date":"2014-03-09T19:17:03","date_gmt":"2014-03-09T22:17:03","guid":{"rendered":"http:\/\/argentinamunicipal.com.ar\/argentina\/?p=3357"},"modified":"2014-03-09T19:17:03","modified_gmt":"2014-03-09T22:17:03","slug":"en-coronel-suarez-siguen-sumando-para-el-basico-municipal","status":"publish","type":"post","link":"http:\/\/argentinamunicipal.com.ar\/argentina\/en-coronel-suarez-siguen-sumando-para-el-basico-municipal\/","title":{"rendered":"En Coronel Su\u00e1rez siguen sumando para el b\u00e1sico municipal"},"content":{"rendered":"<div id=\"attachment_3358\" style=\"width: 650px\" class=\"wp-caption aligncenter\"><a href=\"http:\/\/argentinamunicipal.com.ar\/argentina\/wp-content\/uploads\/2014\/03\/Coronel-Suarez-Municipalidad.jpg\"><img loading=\"lazy\" decoding=\"async\" aria-describedby=\"caption-attachment-3358\" class=\"size-full wp-image-3358\" alt=\"El edificio de la Municipalidad de Coronel Su\u00e1rez\" src=\"http:\/\/argentinamunicipal.com.ar\/argentina\/wp-content\/uploads\/2014\/03\/Coronel-Suarez-Municipalidad.jpg\" width=\"640\" height=\"360\" srcset=\"http:\/\/argentinamunicipal.com.ar\/argentina\/wp-content\/uploads\/2014\/03\/Coronel-Suarez-Municipalidad.jpg 640w, http:\/\/argentinamunicipal.com.ar\/argentina\/wp-content\/uploads\/2014\/03\/Coronel-Suarez-Municipalidad-300x168.jpg 300w\" sizes=\"auto, (max-width: 640px) 100vw, 640px\" \/><\/a><p id=\"caption-attachment-3358\" class=\"wp-caption-text\">El edificio de la Municipalidad de Coronel Su\u00e1rez<\/p><\/div>\n<p>Tras el 5% incorporado en enero, se dispuso trasladar un 8% a partir del 1 de este mes.<\/p>\n<p>El intendente suarense Osvaldo Fuentes Lema, cumpliendo con el compromiso asumido con los jubilados municipales de analizar el aumento al b\u00e1sico, dispuso incorporar un porcentaje de la suma fija dada en 2013 al b\u00e1sico municipal.<\/p>\n<p>En tal sentido, se pasar\u00e1 de la suma fija otorgada oportunamente, al b\u00e1sico de la escala salarial, un monto equivalente al 8% de incremento al b\u00e1sico a partir del 1 de marzo (exceptuando al personal pol\u00edtico), un 5% en junio y un 5% en septiembre.<\/p>\n<p>Este anuncio se dio en forma paralela a una asamblea de los trabajadores municipales, para decidir las medidas a seguir en cuanto al reclamo salarial.<\/p>\n<p>\u201cLo que nosotros pedimos es una recomposici\u00f3n salarial real, no que se blanqueen sumas al b\u00e1sico y que de bolsillo cobremos lo mismo. De acuerdo con la canasta b\u00e1sica, pedimos un aumento del 42% retroactivo a enero de 2014\u201d, dijo Rub\u00e9n Allende, secretario general del Sindicato de Trabajadores Municipales del distrito de Coronel Su\u00e1rez.<\/p>\n<p>Este aumento totaliza un 23 % de incremento a todo el personal con incidencia directa a los jubilados municipales.<\/p>\n<h6>Fuente: La Nueva Provincia<\/h6>\n","protected":false},"excerpt":{"rendered":"<p>Tras el 5% incorporado en enero, se dispuso trasladar un 8% a partir del 1 de este mes. El intendente suarense Osvaldo Fuentes Lema, cumpliendo con el compromiso asumido con los jubilados municipales de analizar el aumento al b\u00e1sico, dispuso incorporar un porcentaje de la suma fija dada en 2013 al b\u00e1sico municipal. En tal<\/p>\n","protected":false},"author":1,"featured_media":3358,"comment_status":"closed","ping_status":"closed","sticky":false,"template":"","format":"standard","meta":{"footnotes":""},"categories":[7],"tags":[12],"class_list":["post-3357","post","type-post","status-publish","format-standard","has-post-thumbnail","hentry","category-informe-sindical","tag-buenos-aires"],"_links":{"self":[{"href":"http:\/\/argentinamunicipal.com.ar\/argentina\/wp-json\/wp\/v2\/posts\/3357","targetHints":{"allow":["GET"]}}],"collection":[{"href":"http:\/\/argentinamunicipal.com.ar\/argentina\/wp-json\/wp\/v2\/posts"}],"about":[{"href":"http:\/\/argentinamunicipal.com.ar\/argentina\/wp-json\/wp\/v2\/types\/post"}],"author":[{"embeddable":true,"href":"http:\/\/argentinamunicipal.com.ar\/argentina\/wp-json\/wp\/v2\/users\/1"}],"replies":[{"embeddable":true,"href":"http:\/\/argentinamunicipal.com.ar\/argentina\/wp-json\/wp\/v2\/comments?post=3357"}],"version-history":[{"count":0,"href":"http:\/\/argentinamunicipal.com.ar\/argentina\/wp-json\/wp\/v2\/posts\/3357\/revisions"}],"wp:featuredmedia":[{"embeddable":true,"href":"http:\/\/argentinamunicipal.com.ar\/argentina\/wp-json\/wp\/v2\/media\/3358"}],"wp:attachment":[{"href":"http:\/\/argentinamunicipal.com.ar\/argentina\/wp-json\/wp\/v2\/media?parent=3357"}],"wp:term":[{"taxonomy":"category","embeddable":true,"href":"http:\/\/argentinamunicipal.com.ar\/argentina\/wp-json\/wp\/v2\/categories?post=3357"},{"taxonomy":"post_tag","embeddable":true,"href":"http:\/\/argentinamunicipal.com.ar\/argentina\/wp-json\/wp\/v2\/tags?post=3357"}],"curies":[{"name":"wp","href":"https:\/\/api.w.org\/{rel}","templated":true}]}}