{"id":33579,"date":"2015-07-22T09:43:33","date_gmt":"2015-07-22T12:43:33","guid":{"rendered":"http:\/\/argentinamunicipal.com.ar\/argentina\/?p=33579"},"modified":"2015-07-22T09:43:33","modified_gmt":"2015-07-22T12:43:33","slug":"el-gobierno-anuncio-que-el-nuevo-salario-minimo-vital-y-movil-sera-de-6-060-pesos","status":"publish","type":"post","link":"http:\/\/argentinamunicipal.com.ar\/argentina\/el-gobierno-anuncio-que-el-nuevo-salario-minimo-vital-y-movil-sera-de-6-060-pesos\/","title":{"rendered":"El Gobierno anunci\u00f3 que el nuevo salario m\u00ednimo, vital y m\u00f3vil ser\u00e1 de 6.060 pesos"},"content":{"rendered":"<p><a href=\"http:\/\/argentinamunicipal.com.ar\/argentina\/wp-content\/uploads\/2015\/07\/na19.jpg\"><img loading=\"lazy\" decoding=\"async\" class=\"aligncenter  wp-image-33580\" src=\"http:\/\/argentinamunicipal.com.ar\/argentina\/wp-content\/uploads\/2015\/07\/na19.jpg\" alt=\"na19\" width=\"698\" height=\"487\" srcset=\"http:\/\/argentinamunicipal.com.ar\/argentina\/wp-content\/uploads\/2015\/07\/na19.jpg 1200w, http:\/\/argentinamunicipal.com.ar\/argentina\/wp-content\/uploads\/2015\/07\/na19-300x209.jpg 300w, http:\/\/argentinamunicipal.com.ar\/argentina\/wp-content\/uploads\/2015\/07\/na19-1024x714.jpg 1024w\" sizes=\"auto, (max-width: 698px) 100vw, 698px\" \/><\/a><\/p>\n<p>El aumento ser\u00e1 del 28,5% y se pagar\u00e1 en dos tramos. La primera cuota del 18,5%, en agosto y la segunda del 10%, desde enero pr\u00f3ximo.<\/p>\n<p>Empresarios y sindicalistas acordaron elevar a $6.060, en dos tramos, el sueldo m\u00ednimo, lo cual equivale a un aumento del 28,5%, durante la reuni\u00f3n del Consejo del Salario cerrada por la presidenta Cristina Kirchner.<\/p>\n<p>El acuerdo alcanzado en la sede del Ministerio de Trabajo establece el pago de una primera cuota del 18,5% en agosto y una segunda del 10%, no acumulativa, desde enero pr\u00f3ximo, por lo cual el salario m\u00ednimo subir\u00e1 de $4.716 a $6.060.<\/p>\n<p>Al encabezar el cierre de la reuni\u00f3n en la cartera laboral, la jefa de Estado subray\u00f3 que desde el 2003, cuando se reanudaron las negociaciones en el Consejo del Salario, el Gobierno nunca debi\u00f3 laudar porque siempre se lleg\u00f3 a un acuerdo entre gremios y c\u00e1maras empresariales.<\/p>\n<p>\u00abSi no se logra un acuerdo entre patronal y trabajadores el Estado lauda, es decir, fija unilateralmente un determinado porcentaje de aumento. Esto nunca sucedi\u00f3, la negociaci\u00f3n tripartita funcion\u00f3 y nosotros creemos que el acuerdo entre capital y trabajo en la forma m\u00e1s adecuada\u00bb, remarc\u00f3 la mandataria, rodeada por los ministros de Trabajo, Carlos Tomada, y de Econom\u00eda, Axel Kicillof, y el secretario general de la Presidencia, Eduardo De Pedro.<\/p>\n<p><strong>El mensaje<\/strong><\/p>\n<p>En lo que fue su \u00faltima participaci\u00f3n en el Consejo antes de dejar el poder el 10 de diciembre pr\u00f3ximo, dio un mensaje de cara al futuro: \u00abEspero que el a\u00f1o que viene sea bueno porque el 13 es un n\u00famero&#8230; no me gusta mucho a m\u00ed. Lo tienen que hacer bien ustedes, los trabajadores y empresarios, pero lo vamos a hacer bien como en estos doce a\u00f1os\u00bb, confi\u00f3 la mandataria.<\/p>\n<p>Por su parte, Tomada tambi\u00e9n destac\u00f3 el aumento del sueldo m\u00ednimo, y afirm\u00f3: \u00abHace ocho a\u00f1os que a la reuni\u00f3n del Consejo del Salario viene la Presidenta al cierre. Esta construcci\u00f3n colectiva es dif\u00edcil de sostener en el tiempo, pero nunca estuvo presente la posibilidad de que no se re\u00fana el Consejo\u00bb.<\/p>\n<p><strong>Los empresarios<\/strong><\/p>\n<p>Por su parte, en representaci\u00f3n de los empresarios, el presidente de la Copal y dirigente de la UIA, Daniel Funes de Rioja, sostuvo que \u00abel sector empresarial demostr\u00f3 en esta mesa que cree en el di\u00e1logo social\u00bb.<\/p>\n<p>Funes de Rioja admiti\u00f3 que \u00abqued\u00f3 pendiente un consejo econ\u00f3mico y social\u00bb, y abog\u00f3 por su puesta en marcha en el futuro.<\/p>\n<p>El vicepresidente de la Central de Entidades Empresarias Nacionales (CEEN), Juan \u00c1ngel Ciolli, destac\u00f3 que \u00abse sigue encontrando en este espacio un lugar de di\u00e1logo de empresarios y trabajadores para la mejora del haber m\u00ednimo\u00bb.<\/p>\n<p><strong>Los gremios<\/strong><\/p>\n<p>En tanto, el secretario general de la CGT oficialista, Antonio Cal\u00f3, dijo que los trabajadores \u00abtienen que reconocer que en los gobiernos de N\u00e9stor y de Cristina Kirchner se discuten paritarias\u00bb.<\/p>\n<p>En ese sentido, sentenci\u00f3 el sindicalista K que \u00aben estos doce a\u00f1os de crecimiento, inclusi\u00f3n y trabajo todos ganaron plata\u00bb.<\/p>\n<p>Tambi\u00e9n pronunci\u00f3 unas palabras el secretario adjunto de la CTA oficialista, Pedro Wasiejko, en representaci\u00f3n de Hugo Yasky que se encuentra en Toronto, y manifest\u00f3 su alegr\u00eda por el acuerdo que fij\u00f3 el nuevo salario m\u00ednimo para 2016.<\/p>\n<p><strong>Los sectores beneficiados<\/strong><\/p>\n<p>La medida abarca a quienes no est\u00e9n incluidos en convenios colectivos. Empresarios y sindicalistas, en la reuni\u00f3n del Consejo La definici\u00f3n del salario m\u00ednimo afecta de manera directa a los trabajadores que no est\u00e1n incluidos en los convenios colectivos, a los empleados en negro y a trabajadores de empresas muy peque\u00f1as. El salario m\u00ednimo es un piso, una especie de paritaria general en la que, con el arbitrio del Estado, las centrales obreras y las c\u00e1maras empresarias se ponen de acuerdo sobre el escal\u00f3n m\u00e1s bajo de la pir\u00e1mide salarial.<\/p>\n<p>El Consejo del Salario se viene reuniendo de manera ininterrumpida desde 2004. Seg\u00fan cifras del Ministerio de Trabajo, en los \u00faltimos diez a\u00f1os el salario m\u00ednimo pas\u00f3 de $ 450 a $ 4.716, en 2014, lo que representa un aumento. \u00abEl aumento implica una mejora en el salario reales, con independencia del \u00edndice de precios\u00bb, dicen desde el Gobierno.<\/p>\n<h6>Fuente: El Tribuno,\u00a0Salta<\/h6>\n","protected":false},"excerpt":{"rendered":"<p>El aumento ser\u00e1 del 28,5% y se pagar\u00e1 en dos tramos. La primera cuota del 18,5%, en agosto y la segunda del 10%, desde enero pr\u00f3ximo. Empresarios y sindicalistas acordaron elevar a $6.060, en dos tramos, el sueldo m\u00ednimo, lo cual equivale a un aumento del 28,5%, durante la reuni\u00f3n del Consejo del Salario cerrada<\/p>\n","protected":false},"author":2,"featured_media":33580,"comment_status":"closed","ping_status":"closed","sticky":false,"template":"","format":"standard","meta":{"footnotes":""},"categories":[8],"tags":[21],"class_list":["post-33579","post","type-post","status-publish","format-standard","has-post-thumbnail","hentry","category-informe-nacional","tag-argentina"],"_links":{"self":[{"href":"http:\/\/argentinamunicipal.com.ar\/argentina\/wp-json\/wp\/v2\/posts\/33579","targetHints":{"allow":["GET"]}}],"collection":[{"href":"http:\/\/argentinamunicipal.com.ar\/argentina\/wp-json\/wp\/v2\/posts"}],"about":[{"href":"http:\/\/argentinamunicipal.com.ar\/argentina\/wp-json\/wp\/v2\/types\/post"}],"author":[{"embeddable":true,"href":"http:\/\/argentinamunicipal.com.ar\/argentina\/wp-json\/wp\/v2\/users\/2"}],"replies":[{"embeddable":true,"href":"http:\/\/argentinamunicipal.com.ar\/argentina\/wp-json\/wp\/v2\/comments?post=33579"}],"version-history":[{"count":0,"href":"http:\/\/argentinamunicipal.com.ar\/argentina\/wp-json\/wp\/v2\/posts\/33579\/revisions"}],"wp:featuredmedia":[{"embeddable":true,"href":"http:\/\/argentinamunicipal.com.ar\/argentina\/wp-json\/wp\/v2\/media\/33580"}],"wp:attachment":[{"href":"http:\/\/argentinamunicipal.com.ar\/argentina\/wp-json\/wp\/v2\/media?parent=33579"}],"wp:term":[{"taxonomy":"category","embeddable":true,"href":"http:\/\/argentinamunicipal.com.ar\/argentina\/wp-json\/wp\/v2\/categories?post=33579"},{"taxonomy":"post_tag","embeddable":true,"href":"http:\/\/argentinamunicipal.com.ar\/argentina\/wp-json\/wp\/v2\/tags?post=33579"}],"curies":[{"name":"wp","href":"https:\/\/api.w.org\/{rel}","templated":true}]}}