{"id":33607,"date":"2015-07-23T09:50:51","date_gmt":"2015-07-23T12:50:51","guid":{"rendered":"http:\/\/argentinamunicipal.com.ar\/argentina\/?p=33607"},"modified":"2015-07-23T09:50:51","modified_gmt":"2015-07-23T12:50:51","slug":"la-intendenta-de-rosario-pondero-en-roma-las-politicas-sustentables-y-de-movilidad-rosarinas","status":"publish","type":"post","link":"http:\/\/argentinamunicipal.com.ar\/argentina\/la-intendenta-de-rosario-pondero-en-roma-las-politicas-sustentables-y-de-movilidad-rosarinas\/","title":{"rendered":"La Intendenta de Rosario\u00a0ponder\u00f3 en Roma las pol\u00edticas sustentables y de movilidad rosarinas"},"content":{"rendered":"<div id=\"attachment_33608\" style=\"width: 631px\" class=\"wp-caption aligncenter\"><a href=\"http:\/\/argentinamunicipal.com.ar\/argentina\/wp-content\/uploads\/2015\/07\/c401.jpg_88717827.jpg\"><img loading=\"lazy\" decoding=\"async\" aria-describedby=\"caption-attachment-33608\" class=\"size-full wp-image-33608\" src=\"http:\/\/argentinamunicipal.com.ar\/argentina\/wp-content\/uploads\/2015\/07\/c401.jpg_88717827.jpg\" alt=\"Tiene la palabra. La intendenta M\u00f3nica Fein, en el momento en el que disert\u00f3 ante un auditorio colmado por alcaldes de las ciudades m\u00e1s importantes del mundo.\" width=\"621\" height=\"465\" srcset=\"http:\/\/argentinamunicipal.com.ar\/argentina\/wp-content\/uploads\/2015\/07\/c401.jpg_88717827.jpg 621w, http:\/\/argentinamunicipal.com.ar\/argentina\/wp-content\/uploads\/2015\/07\/c401.jpg_88717827-300x225.jpg 300w\" sizes=\"auto, (max-width: 621px) 100vw, 621px\" \/><\/a><p id=\"caption-attachment-33608\" class=\"wp-caption-text\">Tiene la palabra. La intendenta M\u00f3nica Fein, en el momento en el que disert\u00f3 ante un auditorio colmado por alcaldes de las ciudades m\u00e1s importantes del mundo.<\/p><\/div>\n<p>La jefa comunal tambi\u00e9n puso de relevancia lo\u00a0 que se realiza en materia de igualdad de g\u00e9nero y en contra de la trata\u00a0 de personas. El encuentro fue organizado por la Academia Pontificia de Ciencias,<\/p>\n<p>En el mismo lugar donde Galileo fue sometido a juicio, la intendenta M\u00f3nica Fein particip\u00f3 ayer en el Vaticano de un simposio sobre Ciudades y Desarrollo Sostenible, junto a sus pares de Nueva York y Roma, entre los principales alcaldes presentes.<\/p>\n<p>El encuentro fue organizado por la Academia Pontificia de Ciencias para reflexionar acerca de c\u00f3mo las ciudades pueden impulsar la implementaci\u00f3n de la nueva agenda de desarrollo sostenible y forjar una hoja de ruta para su consecuci\u00f3n.<\/p>\n<p>En setiembre pr\u00f3ximo, los jefes de Estado y de Gobierno se reunir\u00e1n en Nueva York para aprobar los 17 objetivos de Desarrollo Sostenible, y en noviembre tendr\u00e1n lugar las negociaciones sobre el clima en Par\u00eds, por lo que el evento de ayer ofreci\u00f3 una oportunidad crucial a los l\u00edderes de las ciudades para empezar a considerar objetivos claros y cuantificables que demuestren su dedicaci\u00f3n por un mundo m\u00e1s justo y sostenible.<\/p>\n<p>Igualdad de g\u00e9nero.\u00a0 La intendenta llev\u00f3 a esta reuni\u00f3n las pol\u00edticas contra el cambio clim\u00e1tico y la trata. \u201cLa ciudad de Rosario cuenta con importantes antecedentes en las materias\u201d, dijo y mencion\u00f3 al Instituto Municipal de la Mujer, un organismo encargado de contribuir a alcanzar la igualdad de oportunidades entre mujeres y varones a trav\u00e9s de la institucionalizaci\u00f3n de la perspectiva de g\u00e9nero en las acciones del Estado local.<\/p>\n<p>Tambi\u00e9n resalt\u00f3 que desde el municipio se ha impulsado la conformaci\u00f3n de la Mesa Municipal Contra la Trata, integrada por representantes de diferentes niveles del Estado y cuyo objetivo primordial es prevenir y erradicar la violencia sexual hacia las mujeres que presupone la explotaci\u00f3n sexual, adem\u00e1s de consolidar el empoderamiento de las mujeres contra el proxenetismo y la trata; y concientizar sobre la complicidad de los clientes prostituyentes con proxenetas y tratantes.<\/p>\n<p>El a\u00f1o pasado, esta experiencia fue premiada internacionalmente en la II Cumbre Iberoamericana de Agendas Locales de G\u00e9nero con la 2\u00aa Menci\u00f3n Especial a las Mejores Pr\u00e1cticas Locales de G\u00e9nero en la Categor\u00eda \u201cArticulaciones Interinstitucionales\u201d.<\/p>\n<p>Enumer\u00f3 adem\u00e1s que se vienen desarrollando convocantes campa\u00f1as contra la violencia de g\u00e9nero, la trata de personas y de educaci\u00f3n sexual para adolescentes y ni\u00f1os (con cuentos infantiles con lenguajes no sexistas), y resalt\u00f3 que los avances logrados en cuanto a la igualdad de g\u00e9nero en la ciudad de Rosario tras 25 a\u00f1os sostenidos de pol\u00edticas p\u00fablicas definidas bajo esta perspectiva han logrado producir un mayor compromiso en el abordaje de la problem\u00e1tica de las violencias contra las mujeres.<\/p>\n<p><strong>Medio ambiente<\/strong>. En materia de sustentabilidad y medio ambiente, record\u00f3 que Rosario integra el Comit\u00e9 de Expertos de la Iniciativa de Ciudades Emergentes y Sostenibles del Banco Interamericano de Desarrollo (BID), en reconocimiento a sus pol\u00edticas en materia de sostenibilidad y combate al Cambio Clim\u00e1tico.<\/p>\n<p>Recientemente el BID produjo una publicaci\u00f3n en la que destac\u00f3 la experiencia de transformaci\u00f3n del frente costero del r\u00edo Paran\u00e1 a trav\u00e9s de la gesti\u00f3n p\u00fablico-privada, y remarc\u00f3 que se trata de un caso emblem\u00e1tico de planeamiento y gesti\u00f3n con visi\u00f3n de largo plazo para incrementar el bienestar de la ciudad devolvi\u00e9ndole el paisaje natural y espacios ribere\u00f1os perdidos.<\/p>\n<p>En este viaje al Vaticano, la intendenta M\u00f3nica Fein aprovech\u00f3 para estrechar v\u00ednculos con el presidente de la Red Global de Ciudades Seguras de las Naciones Unidas (UN\/H\u00e1bitat), Marcelo Ebrard, con el prop\u00f3sito de avanzar en la incorporaci\u00f3n formal de Rosario a la red.<\/p>\n<p>Como lo expusieron varios alcaldes de ciudades de Europa, Fein se\u00f1al\u00f3 que Rosario asumi\u00f3 los desaf\u00edos de gestionar de manera integral, planificada, preventiva y sustentable los residuos generados en la ciudad, mediante el Plan de Gesti\u00f3n de Residuos S\u00f3lidos Urbanos, que se propone minimizar la generaci\u00f3n de residuos, promover su reciclaje y valorizaci\u00f3n, as\u00ed como realizar una adecuada disposici\u00f3n final.<\/p>\n<p>Subray\u00f3 que la ciudad \u201ccuenta con un sistema de recolecci\u00f3n de residuos diario y ha sido pionera en el pa\u00eds en la incorporaci\u00f3n de contenedores, contando con m\u00e1s de 10.000 dispositivos de metal y pl\u00e1stico en todo el territorio\u201d. Tambi\u00e9n se refiri\u00f3 a la puesta en funcionamiento de distintos programas, como el Separe, con el objetivo de promover la reutilizaci\u00f3n, la separaci\u00f3n y el compostaje, para minimizar los residuos domiciliarios y reducir progresivamente el volumen de los mismos dispuestos en los rellenos sanitarios.<\/p>\n<p>En ese tema, revel\u00f3 que seg\u00fan los \u00faltimos registros de la Secretar\u00eda de Servicios P\u00fablicos y Medio Ambiente, entre 2012 y 2014 se enviaron 10.310 toneladas anuales menos de residuos al relleno sanitario. De acuerdo al informe, en comparaci\u00f3n con otras ciudades como Montevideo, C\u00f3rdoba y Ciudad Aut\u00f3noma de Buenos Aires (Caba), Rosario est\u00e1 mejor posicionada, ya que evidencia una cantidad menor de residuos enterrados. Mientras que Rosario dispone, por d\u00eda y por habitante, 0,85 kilos, Caba entierra 1,2 kilos, C\u00f3rdoba 1,16 kilos, y Montevideo 1,06 kilos.<\/p>\n<p><strong>Movilidad<\/strong>. En materia de movilidad coment\u00f3 que \u201cse ha entendido al Transporte Urbano de Pasajeros (TUP) como una herramienta clave en la generaci\u00f3n de oportunidades y en la integraci\u00f3n f\u00edsica y social de la ciudad. Adem\u00e1s, se ha impulsado el desarrollo del transporte no motorizado y la disuasi\u00f3n del transporte motorizado privado, buscando un impacto directo en el volumen de emisiones producto de la movilidad diaria. La implementaci\u00f3n de los carriles exclusivos para el TUP ha permitido optimizar los tiempos de desplazamientos y el uso de combustibles, adem\u00e1s de mejorar la prestaci\u00f3n de servicios y disminuir los accidentes de tr\u00e1nsito. Hoy Rosario se posiciona como la ciudad con mayor \u00edndice de viajes en bicicletas en Latinoam\u00e9rica y se est\u00e1 implementando de manera gradual el sistemas de bicicletas p\u00fablicas, que prev\u00e9 en su primera etapa 18 estaciones (hoy hay 2 en funcionamiento) y 480 bicicletas.<\/p>\n<p>\u201cCon el objetivo de ofrecer infraestructura segura que permita al mismo tiempo incrementar el n\u00famero de ciclistas urbanos, la ciudad lleva construidos m\u00e1s de 120 kil\u00f3metros de ciclov\u00edas\u201d, se\u00f1al\u00f3.<\/p>\n<p>Todos estos temas est\u00e1n incluidos en la nueva agenda social que impulsa el Papa Francisco y que quiere que las ciudades lideren para transformar la realidad del medio ambiente en el planeta.<\/p>\n<p><strong>Luz y sonido en el Foro Romano<\/strong><\/p>\n<p>El alcalde de Roma invit\u00f3 a todos los intendentes que participaron del coloquio en el Vaticano a una cena y despu\u00e9s, como buen anfitri\u00f3n, les brind\u00f3 un espect\u00e1culo incre\u00edble de luz y sonido en el Foro Romano. A trav\u00e9s de ese despliegue se repasa la historia de Roma de una manera \u00fanica y maravillosa. La intendenta de Rosario asisti\u00f3 al evento y ayer se reuni\u00f3 con el embajador argentino en Italia.<\/p>\n<h6>Fuente: La Capital. Rosario<\/h6>\n","protected":false},"excerpt":{"rendered":"<p>La jefa comunal tambi\u00e9n puso de relevancia lo\u00a0 que se realiza en materia de igualdad de g\u00e9nero y en contra de la trata\u00a0 de personas. El encuentro fue organizado por la Academia Pontificia de Ciencias, En el mismo lugar donde Galileo fue sometido a juicio, la intendenta M\u00f3nica Fein particip\u00f3 ayer en el Vaticano de<\/p>\n","protected":false},"author":2,"featured_media":33608,"comment_status":"closed","ping_status":"closed","sticky":false,"template":"","format":"standard","meta":{"footnotes":""},"categories":[2],"tags":[10],"class_list":["post-33607","post","type-post","status-publish","format-standard","has-post-thumbnail","hentry","category-informe-municipal","tag-santa-fe"],"_links":{"self":[{"href":"http:\/\/argentinamunicipal.com.ar\/argentina\/wp-json\/wp\/v2\/posts\/33607","targetHints":{"allow":["GET"]}}],"collection":[{"href":"http:\/\/argentinamunicipal.com.ar\/argentina\/wp-json\/wp\/v2\/posts"}],"about":[{"href":"http:\/\/argentinamunicipal.com.ar\/argentina\/wp-json\/wp\/v2\/types\/post"}],"author":[{"embeddable":true,"href":"http:\/\/argentinamunicipal.com.ar\/argentina\/wp-json\/wp\/v2\/users\/2"}],"replies":[{"embeddable":true,"href":"http:\/\/argentinamunicipal.com.ar\/argentina\/wp-json\/wp\/v2\/comments?post=33607"}],"version-history":[{"count":0,"href":"http:\/\/argentinamunicipal.com.ar\/argentina\/wp-json\/wp\/v2\/posts\/33607\/revisions"}],"wp:featuredmedia":[{"embeddable":true,"href":"http:\/\/argentinamunicipal.com.ar\/argentina\/wp-json\/wp\/v2\/media\/33608"}],"wp:attachment":[{"href":"http:\/\/argentinamunicipal.com.ar\/argentina\/wp-json\/wp\/v2\/media?parent=33607"}],"wp:term":[{"taxonomy":"category","embeddable":true,"href":"http:\/\/argentinamunicipal.com.ar\/argentina\/wp-json\/wp\/v2\/categories?post=33607"},{"taxonomy":"post_tag","embeddable":true,"href":"http:\/\/argentinamunicipal.com.ar\/argentina\/wp-json\/wp\/v2\/tags?post=33607"}],"curies":[{"name":"wp","href":"https:\/\/api.w.org\/{rel}","templated":true}]}}