{"id":33646,"date":"2015-07-24T08:52:57","date_gmt":"2015-07-24T11:52:57","guid":{"rendered":"http:\/\/argentinamunicipal.com.ar\/argentina\/?p=33646"},"modified":"2015-07-24T08:52:57","modified_gmt":"2015-07-24T11:52:57","slug":"el-gobierno-confirmo-la-construccion-de-la-autovia-parana-crespo","status":"publish","type":"post","link":"http:\/\/argentinamunicipal.com.ar\/argentina\/el-gobierno-confirmo-la-construccion-de-la-autovia-parana-crespo\/","title":{"rendered":"El Gobierno confirm\u00f3 la construcci\u00f3n de la Autov\u00eda Paran\u00e1-Crespo"},"content":{"rendered":"<p><a href=\"http:\/\/argentinamunicipal.com.ar\/argentina\/wp-content\/uploads\/2015\/07\/autovia-parana-crespo-1-640x360.jpg\"><img loading=\"lazy\" decoding=\"async\" class=\"aligncenter size-full wp-image-33647\" src=\"http:\/\/argentinamunicipal.com.ar\/argentina\/wp-content\/uploads\/2015\/07\/autovia-parana-crespo-1-640x360.jpg\" alt=\"autovia-parana-crespo-1-640x360\" width=\"640\" height=\"360\" srcset=\"http:\/\/argentinamunicipal.com.ar\/argentina\/wp-content\/uploads\/2015\/07\/autovia-parana-crespo-1-640x360.jpg 640w, http:\/\/argentinamunicipal.com.ar\/argentina\/wp-content\/uploads\/2015\/07\/autovia-parana-crespo-1-640x360-300x169.jpg 300w\" sizes=\"auto, (max-width: 640px) 100vw, 640px\" \/><\/a><\/p>\n<p>\u00abYa est\u00e1 acordado con Gustavo Bordet, la Autov\u00eda Paran\u00e1-Crespo se construir\u00e1 en la pr\u00f3xima gesti\u00f3n de gobierno\u201d, afirm\u00f3 el gobernador Sergio Urribarri, quien agreg\u00f3: \u201cEl proyecto est\u00e1 terminado y estamos buscando las fuentes de financiamiento\u201d<\/p>\n<p>Urribarri, acompa\u00f1ado por los candidatos de la f\u00f3rmula del oficialismo, Gustavo Bordet y Ad\u00e1n Bahl, dej\u00f3 inauguradas nuevas cuadras de pavimento en el Parque Industrial de Crespo y la ampliaci\u00f3n de la red de gas natural en esa ciudad. Tambi\u00e9n estuvo en Las Cuevas (departamento Diamante) para dejar habilitado el acceso pavimentado.<\/p>\n<p>En ese marco, hizo referencia a la Autov\u00eda Paran\u00e1-Crespo y les confirm\u00f3 a los empresarios del Parque Industrial que la obra se realizar\u00e1. \u201cAc\u00e1 estamos con Gustavo Bordet y lo hablamos, y nuestro pr\u00f3ximo Gobierno la va a hacer. Est\u00e1 el proyecto y estamos trabajando en las fuentes de financiamiento\u00bb.<\/p>\n<p>A su vez, acompa\u00f1ado por el intendente Ariel Robles, en busca de su reelecci\u00f3n, el candidato a senador por el departamento Paran\u00e1, Santiago Rinadi, la senadora Sigrid Kunath, y el ministro de Desarrollo Social, Carlos Ramos, entre otras autoridades, dej\u00f3 inaugurada en el Barrio Azul la ampliaci\u00f3n de la red de gas natural.<\/p>\n<p>Tras la entrega de terrenos sociales a 52 familias en el barrio Azul, el intendente Ariel Robles destac\u00f3 que gracias al trabajo conjunto entre el gobierno municipal, provincial y nacional, \u201cnuestra ciudad mejor\u00f3 su calidad de vida notablemente. En Crespo se vio la verdadera movilidad social ascendente gracias a este trabajo conjunto\u201d.<\/p>\n<p><strong>En Las Cuevas<\/strong><\/p>\n<p>El Gobernador inaugur\u00f3 en Las Cuevas, junto al candidato a gobernador Gustavo Bordet, el acceso a la localidad, adem\u00e1s de un Centro Integrador Comunitario y obras de electrificaci\u00f3n. De esta manera, ser\u00e1n 1.600 personas que beneficiar\u00e1n en esta zona rural.<\/p>\n<p>En Las Cuevas, con estos siete kil\u00f3metros de acceso se beneficia a los 1600 habitantes de esta localidad rural, que adem\u00e1s contar\u00e1 con un CIC y un Centro de Salud en los que se prestar\u00e1 atenci\u00f3n m\u00e9dica, pedi\u00e1trica y odontol\u00f3gica una vez que se reciba el equipamiento correspondiente. Fueron 22 millones de pesos los invertidos en la ejecuci\u00f3n del acceso, y 1.055.850 m\u00e1s en el CIC que fue construidos con aportes de Naci\u00f3n, provincia y la localidad de Las Cuevas.<\/p>\n<p>Acompa\u00f1aron a Urribarri y a la presidenta de la junta de Gobierno, Susana Sol\u00eds, el ministro de Desarrollo Social, Carlos Ramos; senador provincial Daniel Krammer y el diputado provincial Juan Carlos Darrich\u00f3n; el director Administrador de Vialidad, Jorge Rodr\u00edguez.<\/p>\n<p>A su turno, la presidenta de la junta de gobierno de Las Cuevas, Susana Sol\u00eds, agradeci\u00f3 el acompa\u00f1amiento del gobernador Urribarri y su equipo de trabajo. \u201cLas Cuevas est\u00e1 agradecida. El barrio de F\u00e1tima que toda la vida a esperado la electrificaci\u00f3n rural, y s\u00f3lo ha habido una sola persona que lo camin\u00f3 y hoy est\u00e1 inaugurando la electrificaci\u00f3n de este barrio. Usted le dijo al vecino que tendr\u00edan este servicio y as\u00ed fue\u201d, remarc\u00f3.<\/p>\n<p>Tras el corte de cinta en un tramo del acceso, el gobernador se traslado caminando al CIC y durante el trayecto salud\u00f3 y convers\u00f3 con los vecinos.<\/p>\n<h6>Fuente: APF Digital<\/h6>\n","protected":false},"excerpt":{"rendered":"<p>\u00abYa est\u00e1 acordado con Gustavo Bordet, la Autov\u00eda Paran\u00e1-Crespo se construir\u00e1 en la pr\u00f3xima gesti\u00f3n de gobierno\u201d, afirm\u00f3 el gobernador Sergio Urribarri, quien agreg\u00f3: \u201cEl proyecto est\u00e1 terminado y estamos buscando las fuentes de financiamiento\u201d Urribarri, acompa\u00f1ado por los candidatos de la f\u00f3rmula del oficialismo, Gustavo Bordet y Ad\u00e1n Bahl, dej\u00f3 inauguradas nuevas cuadras de<\/p>\n","protected":false},"author":2,"featured_media":33647,"comment_status":"closed","ping_status":"closed","sticky":false,"template":"","format":"standard","meta":{"footnotes":""},"categories":[2],"tags":[17],"class_list":["post-33646","post","type-post","status-publish","format-standard","has-post-thumbnail","hentry","category-informe-municipal","tag-entre-rios"],"_links":{"self":[{"href":"http:\/\/argentinamunicipal.com.ar\/argentina\/wp-json\/wp\/v2\/posts\/33646","targetHints":{"allow":["GET"]}}],"collection":[{"href":"http:\/\/argentinamunicipal.com.ar\/argentina\/wp-json\/wp\/v2\/posts"}],"about":[{"href":"http:\/\/argentinamunicipal.com.ar\/argentina\/wp-json\/wp\/v2\/types\/post"}],"author":[{"embeddable":true,"href":"http:\/\/argentinamunicipal.com.ar\/argentina\/wp-json\/wp\/v2\/users\/2"}],"replies":[{"embeddable":true,"href":"http:\/\/argentinamunicipal.com.ar\/argentina\/wp-json\/wp\/v2\/comments?post=33646"}],"version-history":[{"count":0,"href":"http:\/\/argentinamunicipal.com.ar\/argentina\/wp-json\/wp\/v2\/posts\/33646\/revisions"}],"wp:featuredmedia":[{"embeddable":true,"href":"http:\/\/argentinamunicipal.com.ar\/argentina\/wp-json\/wp\/v2\/media\/33647"}],"wp:attachment":[{"href":"http:\/\/argentinamunicipal.com.ar\/argentina\/wp-json\/wp\/v2\/media?parent=33646"}],"wp:term":[{"taxonomy":"category","embeddable":true,"href":"http:\/\/argentinamunicipal.com.ar\/argentina\/wp-json\/wp\/v2\/categories?post=33646"},{"taxonomy":"post_tag","embeddable":true,"href":"http:\/\/argentinamunicipal.com.ar\/argentina\/wp-json\/wp\/v2\/tags?post=33646"}],"curies":[{"name":"wp","href":"https:\/\/api.w.org\/{rel}","templated":true}]}}