{"id":3366,"date":"2014-03-09T19:40:02","date_gmt":"2014-03-09T22:40:02","guid":{"rendered":"http:\/\/argentinamunicipal.com.ar\/argentina\/?p=3366"},"modified":"2014-03-09T19:40:02","modified_gmt":"2014-03-09T22:40:02","slug":"referentes-sindicales-sociales-y-politicos-llaman-a-una-convocatoria-economica-y-social-por-la-argentina","status":"publish","type":"post","link":"http:\/\/argentinamunicipal.com.ar\/argentina\/referentes-sindicales-sociales-y-politicos-llaman-a-una-convocatoria-economica-y-social-por-la-argentina\/","title":{"rendered":"Referentes sindicales, sociales y pol\u00edticos llaman a una \u00abconvocatoria econ\u00f3mica y social por la Argentina\u00bb"},"content":{"rendered":"<p><a href=\"http:\/\/argentinamunicipal.com.ar\/argentina\/wp-content\/uploads\/2014\/03\/10798_nota_-1.jpg\"><img loading=\"lazy\" decoding=\"async\" class=\"aligncenter size-full wp-image-3367\" alt=\"10798_nota_ (1)\" src=\"http:\/\/argentinamunicipal.com.ar\/argentina\/wp-content\/uploads\/2014\/03\/10798_nota_-1.jpg\" width=\"555\" height=\"371\" srcset=\"http:\/\/argentinamunicipal.com.ar\/argentina\/wp-content\/uploads\/2014\/03\/10798_nota_-1.jpg 555w, http:\/\/argentinamunicipal.com.ar\/argentina\/wp-content\/uploads\/2014\/03\/10798_nota_-1-300x200.jpg 300w\" sizes=\"auto, (max-width: 555px) 100vw, 555px\" \/><\/a><\/p>\n<p>Diferentes organizaciones pol\u00edticas, sociales y sindicales y referentes de todo el pa\u00eds denunciaron la \u201cespeculaci\u00f3n financiera y la irracional suba de precios\u00bb y llamaron a \u00abponer un freno definitivo al accionar de los especuladores\u201d, mediante una solicitada publicada hoy en el diario Tiempo Argentino.<\/p>\n<p>Adem\u00e1s, el documento resalt\u00f3 \u201cla intenci\u00f3n de estos sectores que pretenden desestabilizar a la naci\u00f3n y provocar una apropiaci\u00f3n brutal de los recursos que pertenecen al conjunto del pueblo argentino\u201d.<\/p>\n<p>\u201cEstos planes de desestabilizaci\u00f3n no son una exclusividad de la Argentina. Vivimos una andanada sin precedentes contra las democracias de Am\u00e9rica latina y el Caribe\u201d, se\u00f1ala la solicitada.<\/p>\n<p>Y agrega que solo \u201cla unidad y la solidaridad regional fortalecer\u00e1 a cada uno de nuestros pa\u00edses\u201d.<\/p>\n<p>Del mismo modo, la solicitada subray\u00f3 que \u00ablos argentinos ya hemos vivido estas practicas en otros momentos de nuestra historia\u00bb.<\/p>\n<p>\u201cVemos con satisfacci\u00f3n c\u00f3mo parte de la poblaci\u00f3n reaccion\u00f3 favorablemente al cuidado de los precios\u201d, agrega el documento.<br \/>\nPor otro lado, los firmantes proponen \u201ctrabajar para una gran coincidencia nacional en defensa de la estabilidad, la paz, el trabajo y la producci\u00f3n, y para poner un freno definitivo al accionar de los especuladores\u201d.<\/p>\n<p>El texto est\u00e1 firmado por dirigentes pol\u00edticos, funcionarios y legisladores como Eric Calcagno, Carlos Heller, H\u00e9ctor Recalde, Adela Segarra, Jorge \u00abQuito\u00bb Arag\u00f3n, Jos\u00e9 Cruz Campagnoli, Remo Carlotto, Jorge Coscia, Alejandro Vanoli, Fernando \u00abChino\u00bb Navarro, Edgardo Form, Juan Carlos Junio, Leonardo Grosso, Patricio Echegaray, Jorge Taiana y Carlos Raimundi, entre otros.<\/p>\n<p>Adem\u00e1s, referentes sociales, sindicales y de la cultura como Taty Almeida, Horacio Ghilini, Stella Maldonado, Rub\u00e9n Manusovich, Adriana Puiggros, Ignacio Copani, Mario Toer, Eduardo Jozami, V\u00edctor Laplace, Edgardo Mocca, Hugo Yasky, Ricardo Forster, Norberto Galasso, Horacio Gonz\u00e1lez, V\u00edctor Heredia, Horacio Arreceygor, Ricardo Aronskind, Dora Barrancos, Roberto Baschetti, Lito Borello, Adolfo P\u00e9rez Esquivel y Stella Calloni, entre otros.<\/p>\n<p>A su vez, firmaron el documento la Central de Trabajadores Argentinos (CTA), el Movimiento Evita, Carta Abierta, la Confederaci\u00f3n General Econ\u00f3mica (CGE), la Confederaci\u00f3n General Empresaria (CEGERA), los partidos Comunista y Frente Grande, La gran makro, el Frente Nacional Campesino, el Instituto Movilizador de Fondos Cooperativos y el N\u00facleo MTA-CGT, entre otros.<\/p>\n<p>Fuente: T\u00e9lam<\/p>\n","protected":false},"excerpt":{"rendered":"<p>Diferentes organizaciones pol\u00edticas, sociales y sindicales y referentes de todo el pa\u00eds denunciaron la \u201cespeculaci\u00f3n financiera y la irracional suba de precios\u00bb y llamaron a \u00abponer un freno definitivo al accionar de los especuladores\u201d, mediante una solicitada publicada hoy en el diario Tiempo Argentino. Adem\u00e1s, el documento resalt\u00f3 \u201cla intenci\u00f3n de estos sectores que pretenden<\/p>\n","protected":false},"author":1,"featured_media":3367,"comment_status":"closed","ping_status":"closed","sticky":false,"template":"","format":"standard","meta":{"footnotes":""},"categories":[8],"tags":[21],"class_list":["post-3366","post","type-post","status-publish","format-standard","has-post-thumbnail","hentry","category-informe-nacional","tag-argentina"],"_links":{"self":[{"href":"http:\/\/argentinamunicipal.com.ar\/argentina\/wp-json\/wp\/v2\/posts\/3366","targetHints":{"allow":["GET"]}}],"collection":[{"href":"http:\/\/argentinamunicipal.com.ar\/argentina\/wp-json\/wp\/v2\/posts"}],"about":[{"href":"http:\/\/argentinamunicipal.com.ar\/argentina\/wp-json\/wp\/v2\/types\/post"}],"author":[{"embeddable":true,"href":"http:\/\/argentinamunicipal.com.ar\/argentina\/wp-json\/wp\/v2\/users\/1"}],"replies":[{"embeddable":true,"href":"http:\/\/argentinamunicipal.com.ar\/argentina\/wp-json\/wp\/v2\/comments?post=3366"}],"version-history":[{"count":0,"href":"http:\/\/argentinamunicipal.com.ar\/argentina\/wp-json\/wp\/v2\/posts\/3366\/revisions"}],"wp:featuredmedia":[{"embeddable":true,"href":"http:\/\/argentinamunicipal.com.ar\/argentina\/wp-json\/wp\/v2\/media\/3367"}],"wp:attachment":[{"href":"http:\/\/argentinamunicipal.com.ar\/argentina\/wp-json\/wp\/v2\/media?parent=3366"}],"wp:term":[{"taxonomy":"category","embeddable":true,"href":"http:\/\/argentinamunicipal.com.ar\/argentina\/wp-json\/wp\/v2\/categories?post=3366"},{"taxonomy":"post_tag","embeddable":true,"href":"http:\/\/argentinamunicipal.com.ar\/argentina\/wp-json\/wp\/v2\/tags?post=3366"}],"curies":[{"name":"wp","href":"https:\/\/api.w.org\/{rel}","templated":true}]}}