{"id":3369,"date":"2014-03-10T07:41:21","date_gmt":"2014-03-10T10:41:21","guid":{"rendered":"http:\/\/argentinamunicipal.com.ar\/argentina\/?p=3369"},"modified":"2014-03-17T12:50:21","modified_gmt":"2014-03-17T15:50:21","slug":"los-primeros-compromisos-de-bachelet-la-reforma-educacional-y-leyes-en-favor-de-una-mayor-inclusion-social","status":"publish","type":"post","link":"http:\/\/argentinamunicipal.com.ar\/argentina\/los-primeros-compromisos-de-bachelet-la-reforma-educacional-y-leyes-en-favor-de-una-mayor-inclusion-social\/","title":{"rendered":"Los primeros compromisos de Bachelet: la reforma educacional y leyes en favor de una mayor inclusi\u00f3n social"},"content":{"rendered":"<p>&nbsp;<\/p>\n<p>La presidenta electa de Chile, Michelle Bachelet, que asumir\u00e1 el mando el pr\u00f3ximo martes en Valparaiso, tendr\u00e1 entre sus principales compromisos impulsar una fuerte reforma educacional, adem\u00e1s de enviar al Parlamento una bateria de leyes en favor de una mayor inclusi\u00f3n en este pa\u00eds.<\/p>\n<p>En los denominados \u00ab50 Compromisos para mejorar la calidad de vida en el Chile de todos\u00bb para los primeros 100 d\u00edas de gobierno se incluyen adem\u00e1s una serie de propuestas novedosas para Chile como la de la creaci\u00f3n de los Ministerios de la Mujer y de Asuntos Indigenas, por ejemplo.<\/p>\n<p>En un documento que fue conocido en octubre pasado, Bachelet escrib\u00eda a manera de introducci\u00f3n: \u00abEl d\u00eda que volv\u00ed a Chile -estuvo a cargo del tema mujer en las Naciones Unidas- promet\u00ed que el primer objetivo para el proyecyo de la Nueva Mayor\u00eda ser\u00eda enfrentar la desigualdad. Lo hice con la convicci\u00f3n de que nuestro pa\u00eds tiene una oportunidad historica: encaminarse decididamente hacia un desarrollo m\u00e1s inclusivo, potenciando lo bueno que hemos hecho y superando las carencias de nuestro modelo de crecimiento\u00bb.<\/p>\n<p><a href=\"http:\/\/argentinamunicipal.com.ar\/argentina\/wp-content\/uploads\/2014\/03\/descarga2.jpeg\"><img loading=\"lazy\" decoding=\"async\" class=\"aligncenter size-full wp-image-3370\" alt=\"descarga\" src=\"http:\/\/argentinamunicipal.com.ar\/argentina\/wp-content\/uploads\/2014\/03\/descarga2.jpeg\" width=\"800\" height=\"1018\" srcset=\"http:\/\/argentinamunicipal.com.ar\/argentina\/wp-content\/uploads\/2014\/03\/descarga2.jpeg 800w, http:\/\/argentinamunicipal.com.ar\/argentina\/wp-content\/uploads\/2014\/03\/descarga2-235x300.jpeg 235w\" sizes=\"auto, (max-width: 800px) 100vw, 800px\" \/><\/a><\/p>\n<p>El anuncio del env\u00edo al Congreso de un proyecto de la \u00abGran Reforma Educativa\u00bb sobresale por sobre otros en el sentido que en los \u00faltimos a\u00f1os ha sido la educaci\u00f3n y el acceso de los ciudadanos a la ense\u00f1anza, un tema de recurrente preocupaci\u00f3n y conflicto en Chile.<\/p>\n<p>En ese sentido, la reforma educativa que propone el futuro gobierno apunta, seg\u00fan se indica en el documento de los \u00ab50 Compromisos&#8230;.\u00bb, a elaborar un programa que asegure el acceso a la educaci\u00f3n superior de los j\u00f3venes m\u00e1s vulnerables, a la vez del fomento para la creacion de nuesvas universidades estatales, publicas y regionales.<\/p>\n<blockquote><p><em>El anuncio de un proyecto de la \u00abGran Reforma Educativa\u00bb sobresale por sobre otros ya que en los \u00faltimos a\u00f1os ha sido la educaci\u00f3n y el acceso de los ciudadanos a la ense\u00f1anza, un tema de recurrente preocupaci\u00f3n y conflicto<\/em><\/p><\/blockquote>\n<p>Pero si la educaci\u00f3n es una de las principales batallas a encarar por el gobierno que asumir\u00e1 dentro de pocas horas, no son menos importantes los compromisos en materia de salud del gobierno de una mujer que adem\u00e1s es m\u00e9dica de profesi\u00f3n.<\/p>\n<p>En ese marco, la construcci\u00f3n de 20 hospitales y la creaci\u00f3n de un Fondo Nacional de Medicamentos para la entrega de medicinas en forma gratuita a pacientes cr\u00f3nicos resaltan entre los compromisos en materia sanitaria que incluyen, adem\u00e1s, el fortalecimiento de la Atenci\u00f3n Primera de Urgencia de Alta Resoluci\u00f3n.<\/p>\n<p>En tanto y entre los proyectos novedosos para Chile, Bachelet propondr\u00e1 en sus primeros 100 d\u00edas de gobierno la creaci\u00f3n de un Mnisterio de la Mujer, marcando as\u00ed el perfil que en favor de la equidad de g\u00e9nero que pretende la futura administraci\u00f3n de la naci\u00f3n trasandina.<\/p>\n<p>Con propuestas en las \u00e1reas de medio ambiente con la creaci\u00f3n de un servicio de biodiversidad y \u00e1reas protegidas y en la defensa y cuidado de los recuros h\u00eddricos, la pesca artesanal y el denominado mundo rural (la agricultura), el futuro gobieno chileno pretende dar un impulso a estas actividades que contar\u00e1n con fuerte control estatal.<\/p>\n<p>Los pueblos originarios y la creaci\u00f3n de un Ministerio de Asuntos Ind\u00edgenas y la formaci\u00f3n del Consejo de Pueblos Ind\u00edgenas revela tambi\u00e9n la decisi\u00f3n del nuevo gobierno de impulsar pol\u00edticas en ese tema, de creciente importancia no solo en Chile sino en la regi\u00f3n.<\/p>\n<p>La seguridad ciudadana con generaci\u00f3n de pol\u00edticas activas en ese aspecto, la cultura y el deporte y la descentralizaci\u00f3n con el objetivo de dotar de autonom\u00eda a las distintas regiones del pa\u00eds figuran entre otros de los principales compromisos asumidos en campa\u00f1a por el gobierno de la Nueva Mayor\u00eda.<\/p>\n<p>En sintesis, Michelle Bachelet iniciar\u00e1 con estas premisas y desafios su presidencia. Ser\u00e1 la segunda vez que llega a ese cargo que ya ocup\u00f3 entre 2006 y 2010 y que le arrojara a su persona a fines de aquel mandato, una alt\u00edsima imagen, aunque sus \u00faltimos d\u00edas debi\u00f3 sufrir la cat\u00e1strofe de un fuerte terremoto que dej\u00f3 cientos de v\u00edctimas y millones de da\u00f1os materiales.<\/p>\n<p>\u00abHoy Chile demanda grandes transformaciones con gobernabilidad, el aporte y el compromiso de todos y todas se hace mas necesario que nunca\u00bb, dec\u00eda en octubre pasado la mujer que en pocas horas volver\u00e1 a sentarse en el sill\u00f3n presidencial del hist\u00f3rico Palacio de La Moneda para regir los destinos de su pa\u00eds por un nuevo periodo democr\u00e1tico de cuatro a\u00f1os.<\/p>\n<h6>Fuente: T\u00e9lam<\/h6>\n","protected":false},"excerpt":{"rendered":"<p>&nbsp; La presidenta electa de Chile, Michelle Bachelet, que asumir\u00e1 el mando el pr\u00f3ximo martes en Valparaiso, tendr\u00e1 entre sus principales compromisos impulsar una fuerte reforma educacional, adem\u00e1s de enviar al Parlamento una bateria de leyes en favor de una mayor inclusi\u00f3n en este pa\u00eds. En los denominados \u00ab50 Compromisos para mejorar la calidad de<\/p>\n","protected":false},"author":1,"featured_media":3371,"comment_status":"closed","ping_status":"closed","sticky":false,"template":"","format":"standard","meta":{"footnotes":""},"categories":[22],"tags":[57],"class_list":["post-3369","post","type-post","status-publish","format-standard","has-post-thumbnail","hentry","category-el-mundo","tag-el-mundo"],"_links":{"self":[{"href":"http:\/\/argentinamunicipal.com.ar\/argentina\/wp-json\/wp\/v2\/posts\/3369","targetHints":{"allow":["GET"]}}],"collection":[{"href":"http:\/\/argentinamunicipal.com.ar\/argentina\/wp-json\/wp\/v2\/posts"}],"about":[{"href":"http:\/\/argentinamunicipal.com.ar\/argentina\/wp-json\/wp\/v2\/types\/post"}],"author":[{"embeddable":true,"href":"http:\/\/argentinamunicipal.com.ar\/argentina\/wp-json\/wp\/v2\/users\/1"}],"replies":[{"embeddable":true,"href":"http:\/\/argentinamunicipal.com.ar\/argentina\/wp-json\/wp\/v2\/comments?post=3369"}],"version-history":[{"count":0,"href":"http:\/\/argentinamunicipal.com.ar\/argentina\/wp-json\/wp\/v2\/posts\/3369\/revisions"}],"wp:featuredmedia":[{"embeddable":true,"href":"http:\/\/argentinamunicipal.com.ar\/argentina\/wp-json\/wp\/v2\/media\/3371"}],"wp:attachment":[{"href":"http:\/\/argentinamunicipal.com.ar\/argentina\/wp-json\/wp\/v2\/media?parent=3369"}],"wp:term":[{"taxonomy":"category","embeddable":true,"href":"http:\/\/argentinamunicipal.com.ar\/argentina\/wp-json\/wp\/v2\/categories?post=3369"},{"taxonomy":"post_tag","embeddable":true,"href":"http:\/\/argentinamunicipal.com.ar\/argentina\/wp-json\/wp\/v2\/tags?post=3369"}],"curies":[{"name":"wp","href":"https:\/\/api.w.org\/{rel}","templated":true}]}}