{"id":33705,"date":"2015-07-24T10:29:02","date_gmt":"2015-07-24T13:29:02","guid":{"rendered":"http:\/\/argentinamunicipal.com.ar\/argentina\/?p=33705"},"modified":"2015-07-24T10:29:02","modified_gmt":"2015-07-24T13:29:02","slug":"recibieron-viviendas-familias-del-sindicato-de-obreros-y-empleados-municipales-de-federacion","status":"publish","type":"post","link":"http:\/\/argentinamunicipal.com.ar\/argentina\/recibieron-viviendas-familias-del-sindicato-de-obreros-y-empleados-municipales-de-federacion\/","title":{"rendered":"Recibieron viviendas familias del sindicato de obreros y empleados municipales de Federaci\u00f3n"},"content":{"rendered":"<p><a href=\"http:\/\/argentinamunicipal.com.ar\/argentina\/wp-content\/uploads\/2015\/07\/231244_tapa_2372015_145249.jpg\"><img loading=\"lazy\" decoding=\"async\" class=\"aligncenter size-full wp-image-33706\" src=\"http:\/\/argentinamunicipal.com.ar\/argentina\/wp-content\/uploads\/2015\/07\/231244_tapa_2372015_145249.jpg\" alt=\"_231244_tapa_2372015_145249\" width=\"492\" height=\"328\" srcset=\"http:\/\/argentinamunicipal.com.ar\/argentina\/wp-content\/uploads\/2015\/07\/231244_tapa_2372015_145249.jpg 492w, http:\/\/argentinamunicipal.com.ar\/argentina\/wp-content\/uploads\/2015\/07\/231244_tapa_2372015_145249-300x200.jpg 300w\" sizes=\"auto, (max-width: 492px) 100vw, 492px\" \/><\/a><\/p>\n<p>Son 20 las viviendas que se ejecutaron a trav\u00e9s de la Unidad Ejecutora de Programas Especiales (UEPE) del Ministerio de Planeamiento, Infraestructura y Servicios, con destino a familias del Sindicato de obreros y empleados municipales de Federaci\u00f3n (SOEM) \u2022 Asimismo se llev\u00f3 adelante la firma de acta de inicio para 16 viviendas para familias de la Asociaci\u00f3n de Empleados Municipales de Federaci\u00f3n (Aemfe) \u2022 Tambi\u00e9n firmaron un nuevo convenio para 83 nuevas unidades habitacionales en la ciudad<\/p>\n<p>El encuentro cont\u00f3 con la presencia del ministro de Planeamiento, Juan Javier Garc\u00eda, la senadora provincial, Mar\u00eda Ang\u00e9lica Guerra, el delegado de la Comisi\u00f3n T\u00e9cnica Mixta (CTM), N\u00e9stor Berterame, el intendente, Carlos Cecco y autoridades locales, y los secretarios gremiales, Agust\u00edn Albornoz y Adolfo Rigoni entre otras autoridades departamentales y provinciales.<\/p>\n<p>Al ministro Garc\u00eda se refiri\u00f3 a que \u201cla verdad es que Jes\u00fas tuvo menos suerte que nosotros, porque naci\u00f3 en un establo, al calor de las mulas, al calor de los bueyes. Y nosotros poder estar en este invierno dando soluciones habitacionales a muchos vecinos de Federaci\u00f3n, la verdad es que tenemos que ser agradecidos a la vida. Por esta posibilidad de trabajar, de dar soluci\u00f3n, y que m\u00e1s entrerrianos y entrerrianas puedan tener su vivienda digna\u201d.<\/p>\n<p>\u201cEstamos ac\u00e1 porque hay una Presidenta como Cristina Fern\u00e1ndez de Kirchner que piensa en nosotros. Porque hay un gobernador de la Provincia como Sergio Daniel Urribarri que ha realizado las gestiones y los proyectos para que sean una realidad, pero si no hubiera una presidenta y un gobernador que nos brindaron instrucciones precisas sobre c\u00f3mo avanzar, trabajando de sol a sol, cr\u00e9anme que esto ser\u00eda imposible\u201d, finaliz\u00f3 el ministro.<\/p>\n<p>La senadora provincial afirm\u00f3 que \u00ablo m\u00e1s importante son las familias, recordemos que estamos viviendo la entrega de viviendas que se transformar\u00e1n en los nuevos hogares de familias, por eso les pido que sigamos trabajando como siempre, como siempre hemos hecho sin distinciones partidarias, juntos, en un camino marcado, dentro de este proyecto nacional, popular y democr\u00e1tico\u00bb<\/p>\n<p>Albornoz sostuvo que \u201ceste momento es lo m\u00e1s importante de toda mi vida. Por eso voy a hacer un agradecimiento, especialmente, a los funcionarios provinciales y locales que fueron los gestores de esto. Y les pido a todos mis compa\u00f1eros que disfruten de este d\u00eda, que disfruten de las casas\u201d.<\/p>\n<p>En tanto el secretario de Aemfe indic\u00f3 que \u201ceste es un d\u00eda muy importante para toda la familia municipal. 20 compa\u00f1eros trabajadores municipales van a poder comenzar a construir su hogar, su lugar propio. Van a dejar de alquilar, de vivir con sus padres, para vivir a transformar estas viviendas en su propio hogar. Y, sin dudas, esto es importante para nosotros, la gente de AEMFE que vamos a firmar en minutos m\u00e1s el acta para dar inicio a 16 viviendas. Son 16 porque hay otros compa\u00f1eros que han sido beneficiarios del Plan Procrear, este plan de la Naci\u00f3n que viene tambi\u00e9n a atender las necesidades habitacionales de los argentinos\u201d.<\/p>\n<p>Por otra parte el presidente municipal Carlos Cecco dijo que \u201cuna vivienda propia que no solamente va a dignificar, sin duda va a crear esa organizaci\u00f3n familiar que tal vez no pueden lograr cuando son inquilinos, cuando tienen una vivienda prestada, cuando tienen que estar todos los meses pensando en un alquiler\u201d.<\/p>\n<p>La firma de convenio con el Consorcio de Gesti\u00f3n para la Construcci\u00f3n de Viviendas establece la ejecuci\u00f3n de 83 unidades en la ciudad de Federaci\u00f3n con un monto total de inversi\u00f3n de m\u00e1s de 47 millones de pesos.<\/p>\n<h6>Fuente: APF Digital<\/h6>\n","protected":false},"excerpt":{"rendered":"<p>Son 20 las viviendas que se ejecutaron a trav\u00e9s de la Unidad Ejecutora de Programas Especiales (UEPE) del Ministerio de Planeamiento, Infraestructura y Servicios, con destino a familias del Sindicato de obreros y empleados municipales de Federaci\u00f3n (SOEM) \u2022 Asimismo se llev\u00f3 adelante la firma de acta de inicio para 16 viviendas para familias de<\/p>\n","protected":false},"author":2,"featured_media":33706,"comment_status":"closed","ping_status":"closed","sticky":false,"template":"","format":"standard","meta":{"footnotes":""},"categories":[2],"tags":[17],"class_list":["post-33705","post","type-post","status-publish","format-standard","has-post-thumbnail","hentry","category-informe-municipal","tag-entre-rios"],"_links":{"self":[{"href":"http:\/\/argentinamunicipal.com.ar\/argentina\/wp-json\/wp\/v2\/posts\/33705","targetHints":{"allow":["GET"]}}],"collection":[{"href":"http:\/\/argentinamunicipal.com.ar\/argentina\/wp-json\/wp\/v2\/posts"}],"about":[{"href":"http:\/\/argentinamunicipal.com.ar\/argentina\/wp-json\/wp\/v2\/types\/post"}],"author":[{"embeddable":true,"href":"http:\/\/argentinamunicipal.com.ar\/argentina\/wp-json\/wp\/v2\/users\/2"}],"replies":[{"embeddable":true,"href":"http:\/\/argentinamunicipal.com.ar\/argentina\/wp-json\/wp\/v2\/comments?post=33705"}],"version-history":[{"count":0,"href":"http:\/\/argentinamunicipal.com.ar\/argentina\/wp-json\/wp\/v2\/posts\/33705\/revisions"}],"wp:featuredmedia":[{"embeddable":true,"href":"http:\/\/argentinamunicipal.com.ar\/argentina\/wp-json\/wp\/v2\/media\/33706"}],"wp:attachment":[{"href":"http:\/\/argentinamunicipal.com.ar\/argentina\/wp-json\/wp\/v2\/media?parent=33705"}],"wp:term":[{"taxonomy":"category","embeddable":true,"href":"http:\/\/argentinamunicipal.com.ar\/argentina\/wp-json\/wp\/v2\/categories?post=33705"},{"taxonomy":"post_tag","embeddable":true,"href":"http:\/\/argentinamunicipal.com.ar\/argentina\/wp-json\/wp\/v2\/tags?post=33705"}],"curies":[{"name":"wp","href":"https:\/\/api.w.org\/{rel}","templated":true}]}}