{"id":3373,"date":"2014-03-09T19:50:31","date_gmt":"2014-03-09T22:50:31","guid":{"rendered":"http:\/\/argentinamunicipal.com.ar\/argentina\/?p=3373"},"modified":"2014-03-17T12:50:07","modified_gmt":"2014-03-17T15:50:07","slug":"vuelve-el-placero-a-cuidar-los-espacios-verdes-de-la-plata","status":"publish","type":"post","link":"http:\/\/argentinamunicipal.com.ar\/argentina\/vuelve-el-placero-a-cuidar-los-espacios-verdes-de-la-plata\/","title":{"rendered":"Vuelve el placero a cuidar los espacios verdes de La Plata"},"content":{"rendered":"<div id=\"attachment_3374\" style=\"width: 610px\" class=\"wp-caption aligncenter\"><a href=\"http:\/\/argentinamunicipal.com.ar\/argentina\/wp-content\/uploads\/2014\/03\/DATA_ART_2042329.jpg\"><img loading=\"lazy\" decoding=\"async\" aria-describedby=\"caption-attachment-3374\" class=\"size-full wp-image-3374\" alt=\"UN EQUIPO DE 50 GUARDIANES CUSTODIAR\u00c1 LAS PLAZAS Y PARQUES DE LA CIUDAD, EN LAS QUE ADEM\u00c1S INSTALARON NUEVAS GARITAS\" src=\"http:\/\/argentinamunicipal.com.ar\/argentina\/wp-content\/uploads\/2014\/03\/DATA_ART_2042329.jpg\" width=\"600\" height=\"372\" srcset=\"http:\/\/argentinamunicipal.com.ar\/argentina\/wp-content\/uploads\/2014\/03\/DATA_ART_2042329.jpg 600w, http:\/\/argentinamunicipal.com.ar\/argentina\/wp-content\/uploads\/2014\/03\/DATA_ART_2042329-300x186.jpg 300w\" sizes=\"auto, (max-width: 600px) 100vw, 600px\" \/><\/a><p id=\"caption-attachment-3374\" class=\"wp-caption-text\">UN EQUIPO DE 50 GUARDIANES CUSTODIAR\u00c1 LAS PLAZAS Y PARQUES DE LA CIUDAD, EN LAS QUE ADEM\u00c1S INSTALARON NUEVAS GARITAS<\/p><\/div>\n<p>El placero, una figura que parec\u00eda olvidada y que a muchos provoca cierta a\u00f1oranza, vuelve a escena de la mano de una inicitiva comunal. Como parte del plan integral de reestructuraci\u00f3n de plazas y parques, ayer se present\u00f3 un nuevo servicio de guardianes de plaza, que ahora sumar\u00e1 la instalaci\u00f3n de garitas equipadas con botiqu\u00edn de primeros auxilios, folleter\u00eda informativa y comunicaci\u00f3n directa con el Centro de Monitoreo P\u00fablico.<\/p>\n<p>Los nuevos guardianes son un total de 50 y cumplir\u00e1n sus funciones en 23 plazas y parques del casco fundacional, adem\u00e1s del paseo del Bosque y Meridiano V.<\/p>\n<p>El secretario de Espacio P\u00fablico, Gabriel C\u00e9spedes, explic\u00f3 que \u201cel objetivo es que la vieja figura pasiva del placero hoy cumpla un rol m\u00e1s activo y determinante en cuesti\u00f3n de prevenci\u00f3n, porque estar\u00e1n conectados con el 911 y el Centro de Monitoreo por c\u00e1maras de la Municipalidad. A esto se suma el equipamiento por garita de un equipo completo de primeros auxilios, como la folleter\u00eda de informaci\u00f3n\u201d.<\/p>\n<h3>Tareas del Placero<\/h3>\n<p>El funcionario detall\u00f3 que entre las tareas para el \u201cplacero\u201d tambi\u00e9n se sumar\u00e1 la de relevamiento diario del equipamiento del parque: estado de las farolas, bancos, cestos, juegos, flora y accesos. Adem\u00e1s, contribuir\u00e1n con la higiene, que en estos lugares de esparcimiento p\u00fablico realizan por las ma\u00f1anas las cuadrillas de limpieza del municipio.<\/p>\n<p>C\u00e9spedes apunt\u00f3 que \u201clos turnos que cumplir\u00e1n ser\u00e1n de 6 horas desde las 14 hasta las 20 y sus tareas comenzaran con la recorrida e inspecci\u00f3n de los juegos, donde en el caso de detectar alguna anomal\u00eda o rotura, si esta dentro de sus posibilidades ser\u00e1 reparado por el agente, de no ser as\u00ed dar\u00e1 intervenci\u00f3n al \u00e1rea correspondiente para su reparaci\u00f3n al tiempo que proceder\u00e1 a encintarlo y cuidar que nadie lo utilice hasta su reparaci\u00f3n\u201d.<\/p>\n<p>Adem\u00e1s, indic\u00f3, \u201cla segunda tarea es la de revisar el cableado y estado de cada una de las farolas existentes en el lugar. Mientras que la tercera ser\u00e1 la de limpieza y mantenimiento como el caso de pintura en bancos, juegos o cestos\u201d.<\/p>\n<p>Los cuidadores tambi\u00e9n tendr\u00e1n la informaci\u00f3n sobre todas las actividades que se desarrollaran en la plaza o parque, como espect\u00e1culos art\u00edsticos y deportes que se realizan, entre otros.<\/p>\n<p>El objetivo, explican, es que la vieja figura pasiva del placero hoy cumpla un rol m\u00e1s activo y determinante en cuanto a prevenci\u00f3n<\/p>\n<p>La reformulaci\u00f3n del servicio de cuidado de plazas y parques se suma a otras medidas dedicadas a la puesta en valor y refuerzo de medidas de seguridad en el espacio p\u00fablico.<\/p>\n<p>Desde el Municipio se indic\u00f3 que est\u00e1 en ejecuci\u00f3n un programa de mejora de la iluminaci\u00f3n en plazas y ramblas, que en los \u00faltimos d\u00edas concluy\u00f3 trabajos en 66 entre 1 y 7, un \u00e1rea donde se trabaja junto a la Polic\u00eda y la Justicia en el esclarecimiento de presuntos delitos de tr\u00e1fico de drogas en un contexto de ejercicio de la prostituci\u00f3n.<\/p>\n<p>A la vez, explicaron, est\u00e1 en marcha la recuperaci\u00f3n de monumentos y estatuas mediante un novedoso sistema de limpieza con bicarbonato de sodio (reduce la erosi\u00f3n que genera el sistema tradicional de limpieza con arenado) y protecci\u00f3n mediante una membrana invisible. La intervenci\u00f3n se complementa con reparaci\u00f3n de veredas, juegos y carteler\u00eda en las plazas.<\/p>\n<h6>Fuente: El D\u00eda<\/h6>\n","protected":false},"excerpt":{"rendered":"<p>El placero, una figura que parec\u00eda olvidada y que a muchos provoca cierta a\u00f1oranza, vuelve a escena de la mano de una inicitiva comunal. Como parte del plan integral de reestructuraci\u00f3n de plazas y parques, ayer se present\u00f3 un nuevo servicio de guardianes de plaza, que ahora sumar\u00e1 la instalaci\u00f3n de garitas equipadas con botiqu\u00edn<\/p>\n","protected":false},"author":1,"featured_media":3374,"comment_status":"closed","ping_status":"closed","sticky":false,"template":"","format":"standard","meta":{"footnotes":""},"categories":[2],"tags":[12],"class_list":["post-3373","post","type-post","status-publish","format-standard","has-post-thumbnail","hentry","category-informe-municipal","tag-buenos-aires"],"_links":{"self":[{"href":"http:\/\/argentinamunicipal.com.ar\/argentina\/wp-json\/wp\/v2\/posts\/3373","targetHints":{"allow":["GET"]}}],"collection":[{"href":"http:\/\/argentinamunicipal.com.ar\/argentina\/wp-json\/wp\/v2\/posts"}],"about":[{"href":"http:\/\/argentinamunicipal.com.ar\/argentina\/wp-json\/wp\/v2\/types\/post"}],"author":[{"embeddable":true,"href":"http:\/\/argentinamunicipal.com.ar\/argentina\/wp-json\/wp\/v2\/users\/1"}],"replies":[{"embeddable":true,"href":"http:\/\/argentinamunicipal.com.ar\/argentina\/wp-json\/wp\/v2\/comments?post=3373"}],"version-history":[{"count":0,"href":"http:\/\/argentinamunicipal.com.ar\/argentina\/wp-json\/wp\/v2\/posts\/3373\/revisions"}],"wp:featuredmedia":[{"embeddable":true,"href":"http:\/\/argentinamunicipal.com.ar\/argentina\/wp-json\/wp\/v2\/media\/3374"}],"wp:attachment":[{"href":"http:\/\/argentinamunicipal.com.ar\/argentina\/wp-json\/wp\/v2\/media?parent=3373"}],"wp:term":[{"taxonomy":"category","embeddable":true,"href":"http:\/\/argentinamunicipal.com.ar\/argentina\/wp-json\/wp\/v2\/categories?post=3373"},{"taxonomy":"post_tag","embeddable":true,"href":"http:\/\/argentinamunicipal.com.ar\/argentina\/wp-json\/wp\/v2\/tags?post=3373"}],"curies":[{"name":"wp","href":"https:\/\/api.w.org\/{rel}","templated":true}]}}