{"id":33740,"date":"2015-07-25T09:16:24","date_gmt":"2015-07-25T12:16:24","guid":{"rendered":"http:\/\/argentinamunicipal.com.ar\/argentina\/?p=33740"},"modified":"2015-07-25T09:16:24","modified_gmt":"2015-07-25T12:16:24","slug":"seguridad%e2%80%88intendentes-de-cordoba-piden-moviles-policias-y-camaras","status":"publish","type":"post","link":"http:\/\/argentinamunicipal.com.ar\/argentina\/seguridad%e2%80%88intendentes-de-cordoba-piden-moviles-policias-y-camaras\/","title":{"rendered":"Seguridad:\u2008Intendentes de C\u00f3rdoba piden m\u00f3viles, polic\u00edas y c\u00e1maras"},"content":{"rendered":"<p><a href=\"http:\/\/argentinamunicipal.com.ar\/argentina\/wp-content\/uploads\/2015\/07\/camaraseguridad230911.jpg\"><img loading=\"lazy\" decoding=\"async\" class=\"alignleft size-full wp-image-33741\" src=\"http:\/\/argentinamunicipal.com.ar\/argentina\/wp-content\/uploads\/2015\/07\/camaraseguridad230911.jpg\" alt=\"camaraseguridad230911\" width=\"468\" height=\"255\" srcset=\"http:\/\/argentinamunicipal.com.ar\/argentina\/wp-content\/uploads\/2015\/07\/camaraseguridad230911.jpg 468w, http:\/\/argentinamunicipal.com.ar\/argentina\/wp-content\/uploads\/2015\/07\/camaraseguridad230911-300x163.jpg 300w\" sizes=\"auto, (max-width: 468px) 100vw, 468px\" \/><\/a>Jefes comunales reclamar\u00e1n al ministro Farina recursos para reforzar las medidas preventivas en las distintas localidades de la zona. Tambi\u00e9n le solicitar\u00e1n que se reactive la Mesa Provincia-Municipios<\/p>\n<p>Para reforzar la seguridad en las distintas localidades de la regi\u00f3n, intendentes pedir\u00e1n a la Provincia m\u00f3viles policiales, efectivos y c\u00e1maras de vigilancia.<\/p>\n<p>Lo dijo ayer a PUNTAL\u2008el jefe comunal de Coronel Moldes, Jorge Costanzo.<\/p>\n<p>\u00c9se es uno de los planteos que los intendentes tienen previsto hacerle al ministro de Gobierno y Seguridad, Marcos Farina.<\/p>\n<p>\u201cQueremos hacer un planteo global de diferentes temas, entre ellos el de la seguridad\u201d, expres\u00f3 Costanzo.<\/p>\n<p>Y\u2008a\u00f1adi\u00f3:\u2008\u201cEn ese sentido, queremos ver qu\u00e9 pasar\u00e1 con los m\u00f3viles que nos est\u00e1n haciendo falta en algunas comisar\u00edas, fundamentalmente camionetas para la recorrida rural, como as\u00ed tambi\u00e9n con los polic\u00edas, es decir mayor cantidad de efectivos\u201d.<\/p>\n<p>\u201cLo de las c\u00e1maras lo estoy haciendo yo en Moldes. No obstante, hay algunas otras localidades que plantean tambi\u00e9n ese tema. Al hablar con otros colegas, hay quienes se han manifestado interesados por esta herramienta. Como la Provincia tiene un plan al respecto, quieren saber cu\u00e1ntas pueden venir al interior\u201d, precis\u00f3.<\/p>\n<p>-\u00bfLes preocupa como intendentes el tema de la inseguridad en la regi\u00f3n?<br \/>\n-Siempre queremos reforzar la seguridad. En general, no han ocurrido grandes hechos en s\u00ed en las diferentes localidades. Pero el tema de la inseguridad es un problema permanente en el que todos los intendentes estamos trabajando para disminuirlo al m\u00e1ximo posible. En funci\u00f3n de eso, cada uno ha venido trabajando en su localidad. Nosotros estamos trabajando con las c\u00e1maras de vigilancia. En este momento estamos probando las grabaciones de las mismas. Los intendentes queremos minimizar el problema de la inseguridad al m\u00e1ximo.<\/p>\n<p>Consultado acerca de qu\u00e9 otros temas le plantear\u00e1n al ministro, Costanzo contest\u00f3:\u2008\u201cHay diferentes pedidos de los intendentes como los kits de viviendas, adoquines y veh\u00edculos. Hay distintas gestiones en marcha. La idea es sentarse con el ministro para ver en qu\u00e9 estado se encuentran antes de que termine el per\u00edodo de gobierno de (Jos\u00e9 Manuel)\u2008De la Sota\u201d.<\/p>\n<p>\u201cLa idea es sentarnos y analizar cu\u00e1les son las necesidades e inquietudes y ver qu\u00e9 posibilidades hay de concreci\u00f3n\u201d, afirm\u00f3.<\/p>\n<p>Y\u2008acot\u00f3:\u2008\u201cEstamos esperando la confirmaci\u00f3n de la reuni\u00f3n con Farina\u201d.<\/p>\n<p>Por su parte, el intendente de Chucul, Luis Poloni, dijo ayer a PUNTAL\u2008que tambi\u00e9n quieren pedirle al ministro Farina que se reanuden las reuniones de la Mesa Provincia-Municipios.<\/p>\n<p>\u201cA esto lo hemos planteado desde el Ente de Intendentes Radicales porque pasaron las elecciones y hemos tenido un parate total. Por eso, tiene que haber una reuni\u00f3n para ver qu\u00e9 pasar\u00e1 con lo que se acord\u00f3 en materia de apoyo para los municipios\u201d, expres\u00f3 el jefe comunal.<\/p>\n<p><strong>\u201cEstamos preocupados\u201d<\/strong><\/p>\n<p>Y\u2008agreg\u00f3:\u2008\u201cNosotros estamos preocupados porque nuestras gestiones tienen que seguir adelante. Hasta el momento no hay ninguna novedad y queremos saber si los tr\u00e1mites realizados han dado sus frutos\u201d.<\/p>\n<p>La Mesa Provincia-Municipios no hace reuniones desde el 18 de marzo pasado.<\/p>\n<h6>Fuente: Puntal<\/h6>\n","protected":false},"excerpt":{"rendered":"<p>Jefes comunales reclamar\u00e1n al ministro Farina recursos para reforzar las medidas preventivas en las distintas localidades de la zona. Tambi\u00e9n le solicitar\u00e1n que se reactive la Mesa Provincia-Municipios Para reforzar la seguridad en las distintas localidades de la regi\u00f3n, intendentes pedir\u00e1n a la Provincia m\u00f3viles policiales, efectivos y c\u00e1maras de vigilancia. Lo dijo ayer a<\/p>\n","protected":false},"author":2,"featured_media":33741,"comment_status":"closed","ping_status":"closed","sticky":false,"template":"","format":"standard","meta":{"footnotes":""},"categories":[49],"tags":[3],"class_list":["post-33740","post","type-post","status-publish","format-standard","has-post-thumbnail","hentry","category-seguridad","tag-cordoba"],"_links":{"self":[{"href":"http:\/\/argentinamunicipal.com.ar\/argentina\/wp-json\/wp\/v2\/posts\/33740","targetHints":{"allow":["GET"]}}],"collection":[{"href":"http:\/\/argentinamunicipal.com.ar\/argentina\/wp-json\/wp\/v2\/posts"}],"about":[{"href":"http:\/\/argentinamunicipal.com.ar\/argentina\/wp-json\/wp\/v2\/types\/post"}],"author":[{"embeddable":true,"href":"http:\/\/argentinamunicipal.com.ar\/argentina\/wp-json\/wp\/v2\/users\/2"}],"replies":[{"embeddable":true,"href":"http:\/\/argentinamunicipal.com.ar\/argentina\/wp-json\/wp\/v2\/comments?post=33740"}],"version-history":[{"count":0,"href":"http:\/\/argentinamunicipal.com.ar\/argentina\/wp-json\/wp\/v2\/posts\/33740\/revisions"}],"wp:featuredmedia":[{"embeddable":true,"href":"http:\/\/argentinamunicipal.com.ar\/argentina\/wp-json\/wp\/v2\/media\/33741"}],"wp:attachment":[{"href":"http:\/\/argentinamunicipal.com.ar\/argentina\/wp-json\/wp\/v2\/media?parent=33740"}],"wp:term":[{"taxonomy":"category","embeddable":true,"href":"http:\/\/argentinamunicipal.com.ar\/argentina\/wp-json\/wp\/v2\/categories?post=33740"},{"taxonomy":"post_tag","embeddable":true,"href":"http:\/\/argentinamunicipal.com.ar\/argentina\/wp-json\/wp\/v2\/tags?post=33740"}],"curies":[{"name":"wp","href":"https:\/\/api.w.org\/{rel}","templated":true}]}}