{"id":33746,"date":"2015-07-25T09:26:31","date_gmt":"2015-07-25T12:26:31","guid":{"rendered":"http:\/\/argentinamunicipal.com.ar\/argentina\/?p=33746"},"modified":"2015-07-25T09:26:31","modified_gmt":"2015-07-25T12:26:31","slug":"denuncian-al-municipio-de-villa-giardino-por-avalar-proyecto-inmobiliario-serrano","status":"publish","type":"post","link":"http:\/\/argentinamunicipal.com.ar\/argentina\/denuncian-al-municipio-de-villa-giardino-por-avalar-proyecto-inmobiliario-serrano\/","title":{"rendered":"Denuncian al municipio de Villa Giardino por avalar proyecto inmobiliario serrano"},"content":{"rendered":"<p><a href=\"http:\/\/argentinamunicipal.com.ar\/argentina\/wp-content\/uploads\/2015\/07\/location.png\"><img loading=\"lazy\" decoding=\"async\" class=\"aligncenter  wp-image-33747\" src=\"http:\/\/argentinamunicipal.com.ar\/argentina\/wp-content\/uploads\/2015\/07\/location.png\" alt=\"location\" width=\"734\" height=\"166\" srcset=\"http:\/\/argentinamunicipal.com.ar\/argentina\/wp-content\/uploads\/2015\/07\/location.png 960w, http:\/\/argentinamunicipal.com.ar\/argentina\/wp-content\/uploads\/2015\/07\/location-300x68.png 300w\" sizes=\"auto, (max-width: 734px) 100vw, 734px\" \/><\/a><br \/>\nVecinos agrupados en una asamblea de perfil ambientalista recurrieron a la v\u00eda judicial. Argumentan que se avanz\u00f3 sin cumplir ordenanzas y leyes.<\/p>\n<p>Vecinos de Villa Giardino presentaron una denuncia penal contra el intendente de la localidad sosteniendo que no se ajusta a derecho el aval dado por el municipio al emprendimiento Casa Pueblo Nativo, que incluye y un hotel, un barrio privado y un complejo de golf, ya en avanzado desarrollo, en el Camino de los Artesanos, un circuito que une Villa Giardino con La Cumbre.<\/p>\n<p>La denuncia fue radicada ante la Fiscal\u00eda de Cosqu\u00edn, a cargo de Mart\u00edn Bertone.<\/p>\n<p>Desde la Asamblea Giardino Despierta, promotora de la acci\u00f3n, sostuvieron como principal argumento \u00abla defensa del agua\u00bb, al sostener que este proyecto inmobiliario y tur\u00edstico podr\u00eda comprometer ese recurso para el resto de la zona. Cuestionan \u00abque se permita que una cancha de golf gaste hasta 700 mil metros c\u00fabicos de agua por d\u00eda, violando ordenanzas y leyes\u00bb, y recuerdan que esa regi\u00f3n viene padeciendo recurrentes crisis h\u00eddricas.<\/p>\n<p>\u00abHicimos pedidos de informes, investigaciones, charlas, volantes, videos, notas, participamos de decenas de reuniones de vecinos, hablamos con funcionarios, consultamos bi\u00f3logos, ge\u00f3logos, ingenieros, acudimos a fiscales y abogados, organizamos pe\u00f1as y rifas y almuerzos para paliar los costos de tantas actividades, denunciamos esta situaci\u00f3n en el municipio y el Concejo Deliberante desde hace muchos a\u00f1os, tambi\u00e9n al gobierno provincial y nacional. Ahora llegamos a esta instancia, una denuncia penal al intendente, funcionarios y concejales por incumplimiento de los deberes de funcionario p\u00fablico, con la esperanza de que sirva para detener el da\u00f1o que se est\u00e1 haciendo en el territorio al que pertenecemos\u00bb, se\u00f1alan los vecinos agrupados en esa entidad.<\/p>\n<p>Aclararon que no cuentan con \u00abfinanciamiento de empresas ni de partidos\u00bb y precisaron, en un comunicado, que la denuncia plantea cuestiones como la presunta \u00abviolaci\u00f3n de ordenanzas del camino de los artesanos, irregularidades en la aprobaci\u00f3n del proyecto, falta de respeto a la ley de bosques al ubicarse en zona roja de alta protecci\u00f3n, falta de audiencia p\u00fablica para la aprobaci\u00f3n, falta de estudio de impacto de la cancha de golf y del loteo\u00bb.<\/p>\n<p>El proyecto hab\u00eda sido presentado a la Provincia por la empresa desarrollista en 2010. En ese momento, se indic\u00f3 que seatrata de una invereesi\u00f3n de 25 millones de pesos, y que consistir\u00eda en el desarrollo de un condominio para construcci\u00f3n de viviendas en un predio parquizado, un hotel cinco estrellas y un complejo deportivo que inclu\u00eda una cancha de golf sustentable.<\/p>\n<p>La Provincia y el municipio avalaron el proyecto, que se encuentra ya en una etapa avanzada.<\/p>\n<h6>Fuente: La Voz del Interior<\/h6>\n","protected":false},"excerpt":{"rendered":"<p>Vecinos agrupados en una asamblea de perfil ambientalista recurrieron a la v\u00eda judicial. Argumentan que se avanz\u00f3 sin cumplir ordenanzas y leyes. Vecinos de Villa Giardino presentaron una denuncia penal contra el intendente de la localidad sosteniendo que no se ajusta a derecho el aval dado por el municipio al emprendimiento Casa Pueblo Nativo, que<\/p>\n","protected":false},"author":2,"featured_media":33747,"comment_status":"closed","ping_status":"closed","sticky":false,"template":"","format":"standard","meta":{"footnotes":""},"categories":[4],"tags":[3],"class_list":["post-33746","post","type-post","status-publish","format-standard","has-post-thumbnail","hentry","category-informe-politico","tag-cordoba"],"_links":{"self":[{"href":"http:\/\/argentinamunicipal.com.ar\/argentina\/wp-json\/wp\/v2\/posts\/33746","targetHints":{"allow":["GET"]}}],"collection":[{"href":"http:\/\/argentinamunicipal.com.ar\/argentina\/wp-json\/wp\/v2\/posts"}],"about":[{"href":"http:\/\/argentinamunicipal.com.ar\/argentina\/wp-json\/wp\/v2\/types\/post"}],"author":[{"embeddable":true,"href":"http:\/\/argentinamunicipal.com.ar\/argentina\/wp-json\/wp\/v2\/users\/2"}],"replies":[{"embeddable":true,"href":"http:\/\/argentinamunicipal.com.ar\/argentina\/wp-json\/wp\/v2\/comments?post=33746"}],"version-history":[{"count":0,"href":"http:\/\/argentinamunicipal.com.ar\/argentina\/wp-json\/wp\/v2\/posts\/33746\/revisions"}],"wp:featuredmedia":[{"embeddable":true,"href":"http:\/\/argentinamunicipal.com.ar\/argentina\/wp-json\/wp\/v2\/media\/33747"}],"wp:attachment":[{"href":"http:\/\/argentinamunicipal.com.ar\/argentina\/wp-json\/wp\/v2\/media?parent=33746"}],"wp:term":[{"taxonomy":"category","embeddable":true,"href":"http:\/\/argentinamunicipal.com.ar\/argentina\/wp-json\/wp\/v2\/categories?post=33746"},{"taxonomy":"post_tag","embeddable":true,"href":"http:\/\/argentinamunicipal.com.ar\/argentina\/wp-json\/wp\/v2\/tags?post=33746"}],"curies":[{"name":"wp","href":"https:\/\/api.w.org\/{rel}","templated":true}]}}