{"id":33749,"date":"2015-07-25T09:30:15","date_gmt":"2015-07-25T12:30:15","guid":{"rendered":"http:\/\/argentinamunicipal.com.ar\/argentina\/?p=33749"},"modified":"2015-07-25T09:30:15","modified_gmt":"2015-07-25T12:30:15","slug":"amfestram-santa-fe-beneficio-para-los-municipales-del-departamento","status":"publish","type":"post","link":"http:\/\/argentinamunicipal.com.ar\/argentina\/amfestram-santa-fe-beneficio-para-los-municipales-del-departamento\/","title":{"rendered":"Amfestram Santa Fe: Beneficio para los municipales del departamento"},"content":{"rendered":"<p><a href=\"http:\/\/argentinamunicipal.com.ar\/argentina\/wp-content\/uploads\/2015\/07\/DSCN4951-copia.jpg\"><img loading=\"lazy\" decoding=\"async\" class=\"aligncenter  wp-image-33750\" src=\"http:\/\/argentinamunicipal.com.ar\/argentina\/wp-content\/uploads\/2015\/07\/DSCN4951-copia.jpg\" alt=\"DSCN4951-copia\" width=\"690\" height=\"360\" srcset=\"http:\/\/argentinamunicipal.com.ar\/argentina\/wp-content\/uploads\/2015\/07\/DSCN4951-copia.jpg 1300w, http:\/\/argentinamunicipal.com.ar\/argentina\/wp-content\/uploads\/2015\/07\/DSCN4951-copia-300x156.jpg 300w, http:\/\/argentinamunicipal.com.ar\/argentina\/wp-content\/uploads\/2015\/07\/DSCN4951-copia-1024x534.jpg 1024w\" sizes=\"auto, (max-width: 690px) 100vw, 690px\" \/><\/a><br \/>\nUn convenio firmado por Amfestram les concede servicio de emergencia y atenci\u00f3n m\u00e9dica domiciliaria a trabajadores de la zona<\/p>\n<p>La Asociaci\u00f3n Mutual Federal y Social de los Trabajadores Municipales de la Provincia de Santa Fe (Amfestram) y la empresa Unisem firmaron un convenio de servicios mediante el cual los socios de Amfestram y su grupo familiar podr\u00e1n recibir atenci\u00f3n integral de emergencias m\u00e9dicas y atenci\u00f3n domiciliaria en las ciudades de Santa Fe y Santo Tom\u00e9.<\/p>\n<p>Adem\u00e1s, el convenio extiende el servicio a los trabajadores municipales y comunales de San Jos\u00e9 del Rinc\u00f3n, Recreo Sur y Sauce Viejo, con la atenci\u00f3n m\u00e9dica para adulto\/pedi\u00e1trica, enfermer\u00eda, bioqu\u00edmica, kinesiolog\u00eda, ecograf\u00eda, radiograf\u00eda, traslados m\u00e9dicos programados y prestaciones m\u00e9dicas que, cuando las condiciones del paciente las requieran, se realizar\u00e1n en los domicilios de los socios de Amfestram.<\/p>\n<p>El presidente de la mutual, Claudio Leoni, al momento de la firma del convenio, puntualiz\u00f3: \u201cEste servicio cumple con uno de los objetivos institucionales de Amfestram trazados desde el surgimiento hace 24 a\u00f1os, que es la mejora de la calidad de vida de los trabajadores municipales y comunales y el grupo familiar. Precisamente con este acuerdo apuntamos a servicios complementarios a la obra social Iapos, como es el que ofrecer\u00e1 la empresa Unisem en la regi\u00f3n metropolitana y que constituye una respuesta de Amfestram a una demanda de adicionamiento de servicios de atenci\u00f3n m\u00e9dica\u201d.<\/p>\n<p><strong>Difusi\u00f3n<\/strong><\/p>\n<p>Los integrantes de la Mutual Amfestram, junto a Unisem, iniciar\u00e1n una intensa campa\u00f1a de difusi\u00f3n sobre los alcances del convenio firmado recientemente, para lo cual mantendr\u00e1n reuniones informativas con los socios, previ\u00e9ndose reuniones con los compa\u00f1eros de las distintas secciones de la Municipalidad de Santa Fe, San Jos\u00e9 del Rinc\u00f3n, Recreo Sur, Santo Tom\u00e9 y Sauce Viejo.<\/p>\n<p>Por otra parte, vale se\u00f1alar que como resultado de las gestiones que ven\u00eda realizando el sindicato municipal de Santo Tom\u00e9 -Asteom- se acord\u00f3 con la mutual que los empleados y empleadas municipales de esa ciudad, no siendo socios de Amfestram, recibir\u00e1n temporariamente los servicios de emergencia m\u00e9dica y atenci\u00f3n domiciliaria que brinda Unidem SA.<\/p>\n<p>Entre el sindicato y mutual, se concert\u00f3 un cronograma de reuniones informativas a llevarse a cabo en los distintos \u00e1mbitos municipales, para garantizar que todos los compa\u00f1eros de esa ciudad conozcan los mecanismos de utilizaci\u00f3n y acceso a todas las prestaciones.<\/p>\n<p>El secretario general de Asteom, Mauricio Herzog, agradeci\u00f3 a todos quienes conforman Amfestram, especialmente a su presidente Claudio Leoni, dado que el convenio permitir\u00e1 una extensi\u00f3n de los servicios, lo que implica un invalorable aporte a la mejora de la calidad de vida de los compa\u00f1eros municipales santotomesinos y el correspondiente grupo familiar.<\/p>\n<h6>Fuente: Uno, Santa Fe<\/h6>\n","protected":false},"excerpt":{"rendered":"<p>Un convenio firmado por Amfestram les concede servicio de emergencia y atenci\u00f3n m\u00e9dica domiciliaria a trabajadores de la zona La Asociaci\u00f3n Mutual Federal y Social de los Trabajadores Municipales de la Provincia de Santa Fe (Amfestram) y la empresa Unisem firmaron un convenio de servicios mediante el cual los socios de Amfestram y su grupo<\/p>\n","protected":false},"author":2,"featured_media":33750,"comment_status":"closed","ping_status":"closed","sticky":false,"template":"","format":"standard","meta":{"footnotes":""},"categories":[7],"tags":[10],"class_list":["post-33749","post","type-post","status-publish","format-standard","has-post-thumbnail","hentry","category-informe-sindical","tag-santa-fe"],"_links":{"self":[{"href":"http:\/\/argentinamunicipal.com.ar\/argentina\/wp-json\/wp\/v2\/posts\/33749","targetHints":{"allow":["GET"]}}],"collection":[{"href":"http:\/\/argentinamunicipal.com.ar\/argentina\/wp-json\/wp\/v2\/posts"}],"about":[{"href":"http:\/\/argentinamunicipal.com.ar\/argentina\/wp-json\/wp\/v2\/types\/post"}],"author":[{"embeddable":true,"href":"http:\/\/argentinamunicipal.com.ar\/argentina\/wp-json\/wp\/v2\/users\/2"}],"replies":[{"embeddable":true,"href":"http:\/\/argentinamunicipal.com.ar\/argentina\/wp-json\/wp\/v2\/comments?post=33749"}],"version-history":[{"count":0,"href":"http:\/\/argentinamunicipal.com.ar\/argentina\/wp-json\/wp\/v2\/posts\/33749\/revisions"}],"wp:featuredmedia":[{"embeddable":true,"href":"http:\/\/argentinamunicipal.com.ar\/argentina\/wp-json\/wp\/v2\/media\/33750"}],"wp:attachment":[{"href":"http:\/\/argentinamunicipal.com.ar\/argentina\/wp-json\/wp\/v2\/media?parent=33749"}],"wp:term":[{"taxonomy":"category","embeddable":true,"href":"http:\/\/argentinamunicipal.com.ar\/argentina\/wp-json\/wp\/v2\/categories?post=33749"},{"taxonomy":"post_tag","embeddable":true,"href":"http:\/\/argentinamunicipal.com.ar\/argentina\/wp-json\/wp\/v2\/tags?post=33749"}],"curies":[{"name":"wp","href":"https:\/\/api.w.org\/{rel}","templated":true}]}}