{"id":33773,"date":"2015-07-25T10:02:13","date_gmt":"2015-07-25T13:02:13","guid":{"rendered":"http:\/\/argentinamunicipal.com.ar\/argentina\/?p=33773"},"modified":"2015-07-25T10:02:13","modified_gmt":"2015-07-25T13:02:13","slug":"se-inauguro-el-primer-centro-de-convenciones-municipal-de-gualeguaychu","status":"publish","type":"post","link":"http:\/\/argentinamunicipal.com.ar\/argentina\/se-inauguro-el-primer-centro-de-convenciones-municipal-de-gualeguaychu\/","title":{"rendered":"Se inaugur\u00f3 el primer Centro de Convenciones Municipal de Gualeguaych\u00fa"},"content":{"rendered":"<p><a href=\"http:\/\/argentinamunicipal.com.ar\/argentina\/wp-content\/uploads\/2015\/07\/centro-tapa.jpg\"><img loading=\"lazy\" decoding=\"async\" class=\"aligncenter size-full wp-image-33774\" src=\"http:\/\/argentinamunicipal.com.ar\/argentina\/wp-content\/uploads\/2015\/07\/centro-tapa.jpg\" alt=\"centro-tapa\" width=\"681\" height=\"400\" srcset=\"http:\/\/argentinamunicipal.com.ar\/argentina\/wp-content\/uploads\/2015\/07\/centro-tapa.jpg 681w, http:\/\/argentinamunicipal.com.ar\/argentina\/wp-content\/uploads\/2015\/07\/centro-tapa-300x176.jpg 300w\" sizes=\"auto, (max-width: 681px) 100vw, 681px\" \/><\/a><\/p>\n<p>Este nuevo espacio cultural y art\u00edstico, proyecto de la secretaria de Planeamiento Urbano de la Municipalidad, fue restaurado con fondos municipales por un importe de alrededor de 3 millones de pesos \u00b7 El acto lo encabez\u00f3 el intendente de Gualeguaych\u00fa, Juan Jos\u00e9 Bahillo<\/p>\n<p>\u201cEste lugar servir\u00e1 para desarrollar jornadas, simposios, charlas y tambi\u00e9n ser\u00e1 un espacio para compartir con los vecinos lo relacionado con el arte y la cultura\u201d, dijo Bahillo, y record\u00f3 que lo mismo ocurri\u00f3 con el Teatro Gualeguaych\u00fa: \u201cDesde su reinauguraci\u00f3n nos planteamos que el Teatro sea un espacio para todos los vecinos, que sea la caja de resonancia de los trabajadores de la cultura, y hoy es una realidad\u201d.<\/p>\n<p>\u201cComo espacio complementario, este lugar podr\u00e1 ser un centro para la cultura, algo que la ciudad necesitaba. Tambi\u00e9n sirve como una alternativa para un nuevo tipo de turismo de convenciones, en el que deberemos trabajar con diferentes actores de la sociedad civil, de manera que podamos generar esta alternativa\u201d, continu\u00f3.<\/p>\n<p>\u201cUna ciudad exitosa en t\u00e9rminos tur\u00edsticos como la nuestra, se da junto al disfrute de la ciudad por sus propios vecinos, por eso anhelamos que este lugar sea apropiado por los vecinos de Gualeguaych\u00fa, y que comiencen a aprovechar y desarrollar diferentes actividades\u201d, destac\u00f3, seg\u00fan Radio M\u00e1xima.<\/p>\n<h6>Fuente: APF Digital<\/h6>\n","protected":false},"excerpt":{"rendered":"<p>Este nuevo espacio cultural y art\u00edstico, proyecto de la secretaria de Planeamiento Urbano de la Municipalidad, fue restaurado con fondos municipales por un importe de alrededor de 3 millones de pesos \u00b7 El acto lo encabez\u00f3 el intendente de Gualeguaych\u00fa, Juan Jos\u00e9 Bahillo \u201cEste lugar servir\u00e1 para desarrollar jornadas, simposios, charlas y tambi\u00e9n ser\u00e1 un<\/p>\n","protected":false},"author":2,"featured_media":33774,"comment_status":"closed","ping_status":"closed","sticky":false,"template":"","format":"standard","meta":{"footnotes":""},"categories":[2],"tags":[17],"class_list":["post-33773","post","type-post","status-publish","format-standard","has-post-thumbnail","hentry","category-informe-municipal","tag-entre-rios"],"_links":{"self":[{"href":"http:\/\/argentinamunicipal.com.ar\/argentina\/wp-json\/wp\/v2\/posts\/33773","targetHints":{"allow":["GET"]}}],"collection":[{"href":"http:\/\/argentinamunicipal.com.ar\/argentina\/wp-json\/wp\/v2\/posts"}],"about":[{"href":"http:\/\/argentinamunicipal.com.ar\/argentina\/wp-json\/wp\/v2\/types\/post"}],"author":[{"embeddable":true,"href":"http:\/\/argentinamunicipal.com.ar\/argentina\/wp-json\/wp\/v2\/users\/2"}],"replies":[{"embeddable":true,"href":"http:\/\/argentinamunicipal.com.ar\/argentina\/wp-json\/wp\/v2\/comments?post=33773"}],"version-history":[{"count":0,"href":"http:\/\/argentinamunicipal.com.ar\/argentina\/wp-json\/wp\/v2\/posts\/33773\/revisions"}],"wp:featuredmedia":[{"embeddable":true,"href":"http:\/\/argentinamunicipal.com.ar\/argentina\/wp-json\/wp\/v2\/media\/33774"}],"wp:attachment":[{"href":"http:\/\/argentinamunicipal.com.ar\/argentina\/wp-json\/wp\/v2\/media?parent=33773"}],"wp:term":[{"taxonomy":"category","embeddable":true,"href":"http:\/\/argentinamunicipal.com.ar\/argentina\/wp-json\/wp\/v2\/categories?post=33773"},{"taxonomy":"post_tag","embeddable":true,"href":"http:\/\/argentinamunicipal.com.ar\/argentina\/wp-json\/wp\/v2\/tags?post=33773"}],"curies":[{"name":"wp","href":"https:\/\/api.w.org\/{rel}","templated":true}]}}