{"id":33816,"date":"2015-07-27T09:44:10","date_gmt":"2015-07-27T12:44:10","guid":{"rendered":"http:\/\/argentinamunicipal.com.ar\/argentina\/?p=33816"},"modified":"2015-07-27T09:44:10","modified_gmt":"2015-07-27T12:44:10","slug":"rotundo-triunfo-del-gato-romero-en-villa-allende","status":"publish","type":"post","link":"http:\/\/argentinamunicipal.com.ar\/argentina\/rotundo-triunfo-del-gato-romero-en-villa-allende\/","title":{"rendered":"Rotundo triunfo del \u201cGato\u201d Romero en Villa Allende"},"content":{"rendered":"<p><a href=\"http:\/\/argentinamunicipal.com.ar\/argentina\/wp-content\/uploads\/2015\/07\/Eduardo_romero.jpg\"><img loading=\"lazy\" decoding=\"async\" class=\"aligncenter size-full wp-image-33817\" src=\"http:\/\/argentinamunicipal.com.ar\/argentina\/wp-content\/uploads\/2015\/07\/Eduardo_romero.jpg\" alt=\"Eduardo_romero\" width=\"642\" height=\"366\" srcset=\"http:\/\/argentinamunicipal.com.ar\/argentina\/wp-content\/uploads\/2015\/07\/Eduardo_romero.jpg 642w, http:\/\/argentinamunicipal.com.ar\/argentina\/wp-content\/uploads\/2015\/07\/Eduardo_romero-300x171.jpg 300w\" sizes=\"auto, (max-width: 642px) 100vw, 642px\" \/><\/a><br \/>\nEl golfista result\u00f3 elegido intendente con m\u00e1s del 45 por ciento de los votos, una diferencia mayor a la esperada por el PRO, su partido. Macri festej\u00f3 en \u201cla Villa\u201d. El delasotista Colombo sali\u00f3 segundo, con 29 por ciento del sufragio.<\/p>\n<p>En su primera incursi\u00f3n como candidato a \u2028un cargo electivo, el golfista Eduardo \u201cGato\u201d Romero, gan\u00f3 ayer por un amplio margen \u2028la \u00adelecci\u00f3n a intendente por \u00adsobre el actual mandatario, H\u00e9ctor Colombo, de Uni\u00f3n por C\u00f3r\u00addoba.<\/p>\n<p>En una contienda que en principio parec\u00eda re\u00f1ida, y en el marco de un contexto pol\u00e9mico por la postergaci\u00f3n de los comicios, que estaban previstos inicialmente para el 29 de marzo, el candidato de Juntos por Villa Allende \u2013una alianza entre el PRO, el Frente C\u00edvico y la Coalici\u00f3n C\u00edvica\u2013 logr\u00f3 imponerse c\u00f3modamente.<\/p>\n<p>Lo hizo no s\u00f3lo ante el candidato del justicialismo, H\u00e9ctor Colombo, que buscaba su ree\u00adlecci\u00f3n, sino tambi\u00e9n ante la Uni\u00f3n C\u00edvica Radical (UCR). A Colombo le sac\u00f3 m\u00e1s de 16 puntos de ventaja.<\/p>\n<p>Anoche, escrutado el 90 por ciento de los votos, sobre un \u00adpadr\u00f3n de 27.541 electores, \u00adRomero obten\u00eda el 45,52% de \u2028los sufragios; H\u00e9ctor Colombo el 29,0%; Heriberto Mart\u00ednez, del radi\u00adcalismo, el 16%; Mario Quiroga, del kirchnerista \u00adFrente Villa Allende para la Victoria, 3,7%; el Partido Obrero 2,13%; Livio Mon\u00adtrasi de \u00ad\u2028Es Posible 1,06%; y \u00adMonona \u00adCosta del Frente Progresista \u2028y Social, 0,83%.<\/p>\n<p>El resultado de la elecci\u00f3n deriv\u00f3 en un gran festejo \u2028que se concentr\u00f3 en un sal\u00f3n \u2028de fiestas ubicado sobre la \u00adavenida Goycoechea, en pleno centro de la ciudad.<\/p>\n<p>A esa celebraci\u00f3n asistieron las principales caras p\u00fablicas del PRO, encabezadas por la f\u00f3rmula presidencial de Mauricio Macri y Gabriela Michetti, acompa\u00f1ados por Miguel Del Sel, H\u00e9ctor Baldassi y Luis Juez, entre otros.<\/p>\n<p>Tambi\u00e9n asistieron diri\u00adgentes tradicionales del radicalismo local, como Mart\u00edn Ambort y M\u00e1ximo Mart\u00ednez, que apoyaron la candidatura de Romero, en disidencia con el candidato de ese partido, Heriberto Mart\u00ednez.<\/p>\n<p>Apenas conocida la tendencia que marcaba el triunfo de Romero por m\u00e1s de 30 votos en cada una de las 79 mesas, los adherentes comenzaron a concentrarse en el local partidario, a pocos metros de la sede del municipio para iniciar los festejos, mientras a pocos metros de ese lugar Romero comenzaba a recibir el saludo de diferentes referentes de la pol\u00edtica provincial y nacional.<\/p>\n<p>Tambi\u00e9n recibi\u00f3 el reconocimiento del resultado por parte de sus oponentes como Heriberto Mart\u00ednez, H\u00e9ctor Colombo, Livio Montrasi y Monona Costa que llegaron a saludarlo mientras se realizaba una conferencia de prensa junto a Macri, Michetti y Juez.<\/p>\n<p>\u201cEste resultado realmente nos sorprendi\u00f3 porque los vecinos profundizaron una intenci\u00f3n cambio deposit\u00e1ndonos esta confianza y la responsabilidad para cambiar esta ciudad que tanto ven\u00eda reclamando\u201d, coment\u00f3 Romero.<\/p>\n<p>Por su parte el actual intendente H\u00e9ctor Colombo, que junto a su compa\u00f1ero de f\u00f3rmula, Lucas Alonzo, concurri\u00f3 a saludar personalmente a Romero, manifest\u00f3: \u201cHicimos todo lo posible para que Villa Allende crezca y se desarrolle, y en el marco de campa\u00f1a contemplamos el estado de \u00e1nimo de la comunidad luego del 15 de febrero, y hoy los vecinos se expresaron libremente con el voto, eligiendo a otra opci\u00f3n pol\u00edtica, y eso es saludable\u201d.<\/p>\n<p>Con este resultado provisorio el nuevo gobierno que asumir\u00e1 en Villa Allende en diciembre estar\u00e1 integrado por cinco concejales de la alianza Juntos por Villa Allende, y cuatro del partido Justicialista, con la opci\u00f3n de una banca para el radicalismo luego del escrutinio definitivo.<\/p>\n<p><strong>Agua de oro<\/strong><\/p>\n<p>Qued\u00f3 para el radicalismo. Ayer tambi\u00e9n se concret\u00f3 la elecci\u00f3n para autoridades en la localidad de Agua de Oro, en donde volvi\u00f3 a ganar el \u00adradicalismo, esta vez con la candidatura de \u00adOrlando Belli.<\/p>\n<p>Diferencia. El hijo del actual intendente se impuso, con el 49 por ciento de los votos, sobre el candidato de la Uni\u00f3n Vecinal y el PJ, Sergio Avila, que obtuvo el 35 por ciento de los sufragios, y \u00adAlejandro Capdevila, del PRO, que consigui\u00f3 el 14 por ciento de las adhesiones.<\/p>\n<p>Linaje familiar. No s\u00f3lo el nuevo intendente, Orlando Belli, es el hijo del actual jefe comunal, Carlos Belli. Carlos, a su vez, hab\u00eda sucedido a su propio hermano. De \u00admanera que el nuevo intendente ser\u00e1 hijo y sobrino de sus antecesores.<\/p>\n<h6>Fuente: La Voz del Interior<\/h6>\n","protected":false},"excerpt":{"rendered":"<p>El golfista result\u00f3 elegido intendente con m\u00e1s del 45 por ciento de los votos, una diferencia mayor a la esperada por el PRO, su partido. Macri festej\u00f3 en \u201cla Villa\u201d. El delasotista Colombo sali\u00f3 segundo, con 29 por ciento del sufragio. En su primera incursi\u00f3n como candidato a \u2028un cargo electivo, el golfista Eduardo \u201cGato\u201d<\/p>\n","protected":false},"author":2,"featured_media":33817,"comment_status":"closed","ping_status":"closed","sticky":false,"template":"","format":"standard","meta":{"footnotes":""},"categories":[4],"tags":[3],"class_list":["post-33816","post","type-post","status-publish","format-standard","has-post-thumbnail","hentry","category-informe-politico","tag-cordoba"],"_links":{"self":[{"href":"http:\/\/argentinamunicipal.com.ar\/argentina\/wp-json\/wp\/v2\/posts\/33816","targetHints":{"allow":["GET"]}}],"collection":[{"href":"http:\/\/argentinamunicipal.com.ar\/argentina\/wp-json\/wp\/v2\/posts"}],"about":[{"href":"http:\/\/argentinamunicipal.com.ar\/argentina\/wp-json\/wp\/v2\/types\/post"}],"author":[{"embeddable":true,"href":"http:\/\/argentinamunicipal.com.ar\/argentina\/wp-json\/wp\/v2\/users\/2"}],"replies":[{"embeddable":true,"href":"http:\/\/argentinamunicipal.com.ar\/argentina\/wp-json\/wp\/v2\/comments?post=33816"}],"version-history":[{"count":0,"href":"http:\/\/argentinamunicipal.com.ar\/argentina\/wp-json\/wp\/v2\/posts\/33816\/revisions"}],"wp:featuredmedia":[{"embeddable":true,"href":"http:\/\/argentinamunicipal.com.ar\/argentina\/wp-json\/wp\/v2\/media\/33817"}],"wp:attachment":[{"href":"http:\/\/argentinamunicipal.com.ar\/argentina\/wp-json\/wp\/v2\/media?parent=33816"}],"wp:term":[{"taxonomy":"category","embeddable":true,"href":"http:\/\/argentinamunicipal.com.ar\/argentina\/wp-json\/wp\/v2\/categories?post=33816"},{"taxonomy":"post_tag","embeddable":true,"href":"http:\/\/argentinamunicipal.com.ar\/argentina\/wp-json\/wp\/v2\/tags?post=33816"}],"curies":[{"name":"wp","href":"https:\/\/api.w.org\/{rel}","templated":true}]}}