{"id":33819,"date":"2015-07-27T09:47:38","date_gmt":"2015-07-27T12:47:38","guid":{"rendered":"http:\/\/argentinamunicipal.com.ar\/argentina\/?p=33819"},"modified":"2015-07-27T09:47:38","modified_gmt":"2015-07-27T12:47:38","slug":"leones-votara-intendente-junto-a-las-elecciones-nacionales","status":"publish","type":"post","link":"http:\/\/argentinamunicipal.com.ar\/argentina\/leones-votara-intendente-junto-a-las-elecciones-nacionales\/","title":{"rendered":"Leones votar\u00e1 intendente junto a las elecciones nacionales"},"content":{"rendered":"<p><a href=\"http:\/\/argentinamunicipal.com.ar\/argentina\/wp-content\/uploads\/2015\/07\/urnas1.jpg\"><img loading=\"lazy\" decoding=\"async\" class=\"aligncenter  wp-image-33820\" src=\"http:\/\/argentinamunicipal.com.ar\/argentina\/wp-content\/uploads\/2015\/07\/urnas1.jpg\" alt=\"urnas1\" width=\"628\" height=\"352\" srcset=\"http:\/\/argentinamunicipal.com.ar\/argentina\/wp-content\/uploads\/2015\/07\/urnas1.jpg 1355w, http:\/\/argentinamunicipal.com.ar\/argentina\/wp-content\/uploads\/2015\/07\/urnas1-300x168.jpg 300w, http:\/\/argentinamunicipal.com.ar\/argentina\/wp-content\/uploads\/2015\/07\/urnas1-1024x574.jpg 1024w\" sizes=\"auto, (max-width: 628px) 100vw, 628px\" \/><\/a><br \/>\nFinalmente se conoci\u00f3 la fecha en la que los vecinos de Leones ir\u00e1n a las urnas para definir a las nuevas autoridades municipales, y tal como se preve\u00eda la intendenta Lorena Bussi firm\u00f3 el decreto para coincidir con los comicios nacionales del 25 de octubre. Por su parte, el oficialismo no defini\u00f3 a su candidato, mientras que la oposici\u00f3n avanza en una alianza que represente a todos los sectores.<\/p>\n<p>El juez de Paz de la ciudad de Leones confirm\u00f3 el decreto emitido por la titular del Departamento Ejecutivo Municipal. De esta manera, se devel\u00f3 una de las inc\u00f3gnitas que exist\u00eda en cuanto al llamado a elecciones de la Capital Nacional del Trigo, tierra del diputado nacional del Frente para la Victoria, Fabi\u00e1n Francioni.<\/p>\n<p>La decisi\u00f3n fue tomada la pasada semana, sin embargo se plante\u00f3 oficialmente al final del viernes. Bussi envi\u00f3 la redacci\u00f3n para ser aprobada y se dio a conocer p\u00fablicamente desde el Juzgado de Paz.<\/p>\n<h6>Fuente: La Ma\u00f1ana de C\u00f3rdoba<\/h6>\n","protected":false},"excerpt":{"rendered":"<p>Finalmente se conoci\u00f3 la fecha en la que los vecinos de Leones ir\u00e1n a las urnas para definir a las nuevas autoridades municipales, y tal como se preve\u00eda la intendenta Lorena Bussi firm\u00f3 el decreto para coincidir con los comicios nacionales del 25 de octubre. Por su parte, el oficialismo no defini\u00f3 a su candidato,<\/p>\n","protected":false},"author":2,"featured_media":33820,"comment_status":"closed","ping_status":"closed","sticky":false,"template":"","format":"standard","meta":{"footnotes":""},"categories":[4],"tags":[3],"class_list":["post-33819","post","type-post","status-publish","format-standard","has-post-thumbnail","hentry","category-informe-politico","tag-cordoba"],"_links":{"self":[{"href":"http:\/\/argentinamunicipal.com.ar\/argentina\/wp-json\/wp\/v2\/posts\/33819","targetHints":{"allow":["GET"]}}],"collection":[{"href":"http:\/\/argentinamunicipal.com.ar\/argentina\/wp-json\/wp\/v2\/posts"}],"about":[{"href":"http:\/\/argentinamunicipal.com.ar\/argentina\/wp-json\/wp\/v2\/types\/post"}],"author":[{"embeddable":true,"href":"http:\/\/argentinamunicipal.com.ar\/argentina\/wp-json\/wp\/v2\/users\/2"}],"replies":[{"embeddable":true,"href":"http:\/\/argentinamunicipal.com.ar\/argentina\/wp-json\/wp\/v2\/comments?post=33819"}],"version-history":[{"count":0,"href":"http:\/\/argentinamunicipal.com.ar\/argentina\/wp-json\/wp\/v2\/posts\/33819\/revisions"}],"wp:featuredmedia":[{"embeddable":true,"href":"http:\/\/argentinamunicipal.com.ar\/argentina\/wp-json\/wp\/v2\/media\/33820"}],"wp:attachment":[{"href":"http:\/\/argentinamunicipal.com.ar\/argentina\/wp-json\/wp\/v2\/media?parent=33819"}],"wp:term":[{"taxonomy":"category","embeddable":true,"href":"http:\/\/argentinamunicipal.com.ar\/argentina\/wp-json\/wp\/v2\/categories?post=33819"},{"taxonomy":"post_tag","embeddable":true,"href":"http:\/\/argentinamunicipal.com.ar\/argentina\/wp-json\/wp\/v2\/tags?post=33819"}],"curies":[{"name":"wp","href":"https:\/\/api.w.org\/{rel}","templated":true}]}}