{"id":33849,"date":"2015-07-27T10:21:57","date_gmt":"2015-07-27T13:21:57","guid":{"rendered":"http:\/\/argentinamunicipal.com.ar\/argentina\/?p=33849"},"modified":"2015-07-27T10:21:57","modified_gmt":"2015-07-27T13:21:57","slug":"mas-de-300-entrerrianos-recibieron-herramientas-para-sus-emprendimientos","status":"publish","type":"post","link":"http:\/\/argentinamunicipal.com.ar\/argentina\/mas-de-300-entrerrianos-recibieron-herramientas-para-sus-emprendimientos\/","title":{"rendered":"M\u00e1s de 300 entrerrianos recibieron herramientas para sus emprendimientos"},"content":{"rendered":"<p><a href=\"http:\/\/argentinamunicipal.com.ar\/argentina\/wp-content\/uploads\/2015\/07\/o_1437967813-11.jpg\"><img loading=\"lazy\" decoding=\"async\" class=\"aligncenter size-full wp-image-33851\" src=\"http:\/\/argentinamunicipal.com.ar\/argentina\/wp-content\/uploads\/2015\/07\/o_1437967813-11.jpg\" alt=\"o_1437967813 (1)\" width=\"640\" height=\"360\" srcset=\"http:\/\/argentinamunicipal.com.ar\/argentina\/wp-content\/uploads\/2015\/07\/o_1437967813-11.jpg 640w, http:\/\/argentinamunicipal.com.ar\/argentina\/wp-content\/uploads\/2015\/07\/o_1437967813-11-300x169.jpg 300w\" sizes=\"auto, (max-width: 640px) 100vw, 640px\" \/><\/a><\/p>\n<p>Con el apoyo del gobierno provincial, mediante la entrega de equipos y herramientas, los emprendedores de diferentes localidades de la provincia pueden llevar adelante sus proyectos y crecer en sus iniciativas productivas y de servicios.<\/p>\n<p>El gobierno provincial, a trav\u00e9s del Ministerio de Desarrollo Social, lleva adelante el Programa Incorporaci\u00f3n de Tecnolog\u00eda que apunta a que emprendedores entrerrianos puedan avanzar con sus iniciativas productivas y sus ofertas de servicios. En este marco durante 2015 se entregaron herramientas y equipamiento a m\u00e1s de 300 emprendedores de unas 35 localidades de Entre R\u00edos lo que le permitir\u00e1 mejorar sus emprendimientos.<\/p>\n<p>El programa Incorporaci\u00f3n de Tecnolog\u00eda le permiti\u00f3 a los emprendedores crecer en equipamiento y en producci\u00f3n.<\/p>\n<p>\u201cEste es el gobierno que no practica asistencialismo sino un modelo que hace libre a la gente. No preguntamos de qu\u00e9 partidos son sino que atendemos a todos, porque donde hay una necesidad ah\u00ed estaremos presentes sin distinciones partidarias. Y donde haya una posibilidad de mejorar ah\u00ed estaremos\u201d, afirm\u00f3 el Ministro Carlos Ramos.<\/p>\n<p>El funcionario inst\u00f3 a valorar el programa y a \u201crecordar donde est\u00e1bamos y donde estamos ahora. Este proyecto pol\u00edtico permite implementar programas como \u00e9ste y muchos m\u00e1s\u201d.<\/p>\n<p>En 2015 unos 300 emprendedores de diferentes localidades de Entre R\u00edos accedieron a mejorar sus emprendimientos con los elementos recibidos. Los beneficiarios son oriundos de Paran\u00e1, Rosario del Tala, Concordia, Viale, El Pingo, Tabossi, Mar\u00eda Grande, Alvear, las aldeas Spatzenkutter, Protestante, Grapschental, Colonia Ensayo, Las Cuevas, Concepci\u00f3n del Uruguay, San Justo, de Diamante, Gualeguaych\u00fa, Nogoy\u00e1, Hern\u00e1ndez, Puerto Curtiembre, Villaguay, Villa Dom\u00ednguez, Victoria, Crespo, Cerrito, Chajar\u00ed, San Benito, Colonia Avellaneda, Oro Verde, hasta San Salvador, Villa Manteros, Federal, La Paz, Bovril, y Santa Elena.<\/p>\n<p>TESTIMONIOS. Flavia Bruch es una emprendedora de 22 a\u00f1os de la localidad de Crespo. La joven es peluquera y recibi\u00f3 un esterilizador de materiales, un secador profesional y una plancha de pelo. \u201cNo me lo esperaba y estoy muy agradecida por la oportunidad que me han dado. Estudi\u00e9 peluquer\u00eda, que es lo que me gusta, y ya voy a cumplir tres a\u00f1os trabajando en el rubro. El aporte del Ministerio no solo me posibilita mejorar el servicio que presto, sino que representa mucho m\u00e1s: es motivaci\u00f3n, es impulso; porque cuando uno pone esfuerzo pero adem\u00e1s te dan una mano, se renuevan las ganas de seguir adelante\u201d, destac\u00f3.<\/p>\n<p>Por su parte, Mirna Noem\u00ed Retamar tiene un emprendimiento relacionado con la gastronom\u00eda que se llama El buen gusto. Seg\u00fan ella cuenta, comenz\u00f3 fabricando tortas, pero luego incorpor\u00f3 otros servicios como el alquiler de manteler\u00eda, vajilla, mesas, entre otros. \u201cDesde hace ocho a\u00f1os me relaciono con el Banco de la Buena Fe de mi localidad, que siempre me dio una mano para mi progreso. Con el tiempo empec\u00e9 a vincularme con el Ministerio de Desarrollo, a trav\u00e9s del cual he gestionado microcr\u00e9ditos en varias oportunidades. He crecido tanto, desde mis comienzos que ya puedo brindar un servicio integral para 300 personas en lo que hace a gastronom\u00eda y alquiler de enseres para eventos\u201d, destac\u00f3. Dado que el servicio de alquiler de ropa blanca le funciona muy bien y le demanda mucho tiempo mantener sus materiales en buenas condiciones, decidi\u00f3 presentarse al Programa Incorporaci\u00f3n de Tecnolog\u00eda: \u201cEstoy muy solicitada en cuanto a manteler\u00eda as\u00ed que ped\u00ed una plancha industrial. Ahora se me simplifica el trabajo, invierto menos tiempo, obtengo mejores resultados y brindo un mejor servicio\u201d, explic\u00f3 Mirna, y destac\u00f3 las pol\u00edticas del gobierno \u201cque atienden a todos los sectores, entre ellos a los emprendedores como yo que queremos trabajar y crecer\u201d.<\/p>\n<h6>Fuente: El Diario, Entre R\u00edos<\/h6>\n","protected":false},"excerpt":{"rendered":"<p>Con el apoyo del gobierno provincial, mediante la entrega de equipos y herramientas, los emprendedores de diferentes localidades de la provincia pueden llevar adelante sus proyectos y crecer en sus iniciativas productivas y de servicios. El gobierno provincial, a trav\u00e9s del Ministerio de Desarrollo Social, lleva adelante el Programa Incorporaci\u00f3n de Tecnolog\u00eda que apunta a<\/p>\n","protected":false},"author":2,"featured_media":33851,"comment_status":"closed","ping_status":"closed","sticky":false,"template":"","format":"standard","meta":{"footnotes":""},"categories":[2],"tags":[17],"class_list":["post-33849","post","type-post","status-publish","format-standard","has-post-thumbnail","hentry","category-informe-municipal","tag-entre-rios"],"_links":{"self":[{"href":"http:\/\/argentinamunicipal.com.ar\/argentina\/wp-json\/wp\/v2\/posts\/33849","targetHints":{"allow":["GET"]}}],"collection":[{"href":"http:\/\/argentinamunicipal.com.ar\/argentina\/wp-json\/wp\/v2\/posts"}],"about":[{"href":"http:\/\/argentinamunicipal.com.ar\/argentina\/wp-json\/wp\/v2\/types\/post"}],"author":[{"embeddable":true,"href":"http:\/\/argentinamunicipal.com.ar\/argentina\/wp-json\/wp\/v2\/users\/2"}],"replies":[{"embeddable":true,"href":"http:\/\/argentinamunicipal.com.ar\/argentina\/wp-json\/wp\/v2\/comments?post=33849"}],"version-history":[{"count":0,"href":"http:\/\/argentinamunicipal.com.ar\/argentina\/wp-json\/wp\/v2\/posts\/33849\/revisions"}],"wp:featuredmedia":[{"embeddable":true,"href":"http:\/\/argentinamunicipal.com.ar\/argentina\/wp-json\/wp\/v2\/media\/33851"}],"wp:attachment":[{"href":"http:\/\/argentinamunicipal.com.ar\/argentina\/wp-json\/wp\/v2\/media?parent=33849"}],"wp:term":[{"taxonomy":"category","embeddable":true,"href":"http:\/\/argentinamunicipal.com.ar\/argentina\/wp-json\/wp\/v2\/categories?post=33849"},{"taxonomy":"post_tag","embeddable":true,"href":"http:\/\/argentinamunicipal.com.ar\/argentina\/wp-json\/wp\/v2\/tags?post=33849"}],"curies":[{"name":"wp","href":"https:\/\/api.w.org\/{rel}","templated":true}]}}