{"id":33859,"date":"2015-07-27T10:32:54","date_gmt":"2015-07-27T13:32:54","guid":{"rendered":"http:\/\/argentinamunicipal.com.ar\/argentina\/?p=33859"},"modified":"2015-07-27T10:32:54","modified_gmt":"2015-07-27T13:32:54","slug":"obras-para-mejorar-el-servicio-de-agua-potable-en-saujil-y-poman","status":"publish","type":"post","link":"http:\/\/argentinamunicipal.com.ar\/argentina\/obras-para-mejorar-el-servicio-de-agua-potable-en-saujil-y-poman\/","title":{"rendered":"Obras para mejorar el servicio de agua potable en Saujil y Pom\u00e1n"},"content":{"rendered":"<p><a href=\"http:\/\/argentinamunicipal.com.ar\/argentina\/wp-content\/uploads\/2015\/07\/11-f1_5.jpg\"><img loading=\"lazy\" decoding=\"async\" class=\"aligncenter  wp-image-33860\" src=\"http:\/\/argentinamunicipal.com.ar\/argentina\/wp-content\/uploads\/2015\/07\/11-f1_5.jpg\" alt=\"11-f1_5\" width=\"647\" height=\"485\" srcset=\"http:\/\/argentinamunicipal.com.ar\/argentina\/wp-content\/uploads\/2015\/07\/11-f1_5.jpg 960w, http:\/\/argentinamunicipal.com.ar\/argentina\/wp-content\/uploads\/2015\/07\/11-f1_5-300x225.jpg 300w\" sizes=\"auto, (max-width: 647px) 100vw, 647px\" \/><\/a><br \/>\nPor gestiones realizadas ante el ministerio de Planificaci\u00f3n, Inversi\u00f3n P\u00fablica y Servicios de la Naci\u00f3n, que pone a disposici\u00f3n de las comunidades rurales los programas Prosofa y el Promeba, la Provincia logr\u00f3 que las localidades de Saujil, El Pajonal y la villa de Pom\u00e1n se vean beneficiadas con obras de suma importancia.<\/p>\n<p>El ingeniero Gustavo L\u00f3pez explic\u00f3 que en Saujil se debe construir un filtro lento, m\u00e1s una cisterna y la instalaci\u00f3n de 7.000 metros de ca\u00f1er\u00eda de 100 a 110mm., para la distribuci\u00f3n del agua potable que tendr\u00e1 una inversi\u00f3n de $ 9.800.000, beneficiando a 2.431 usuarios.<\/p>\n<p>\u201cEn la audiencia p\u00fablica se explic\u00f3 bien y se dej\u00f3 los planos ah\u00ed para que formen una comisi\u00f3n entre vecinos y las autoridades de ah\u00ed y se saquen todas las dudas porque se puede modificar en algo el proyecto, no cambiarlo en s\u00ed, pero modificar algunas cosas pidiendo\u00a0 tambi\u00e9n una ampliaci\u00f3n de obra porque ellos ten\u00edan problemas en la toma\u201d, declar\u00f3.<\/p>\n<p>Seg\u00fan explic\u00f3 adem\u00e1s, a fin de mes, las autoridades estar\u00e1n regresando por Saujil para interiorizarse sobre alguna necesidad, estimando que para el mes de setiembre la obra podr\u00eda dar inicio siendo su plazo de ejecuci\u00f3n, 6 meses.<\/p>\n<p>\u201cEste programa tiene la inclusi\u00f3n del vecino, aparte de la parte fr\u00eda de la obra, que ser\u00eda que la empresa va, trabaja y se retira; va una comisi\u00f3n que debe hablar con los vecinos dos veces al mes para ver c\u00f3mo est\u00e1n, si est\u00e1n poniendo los ca\u00f1os adecuados\u201d.<\/p>\n<p>En la villa de Pom\u00e1n y El Pajonal se trabajar\u00e1 en la captaci\u00f3n de agua, principalmente, construcci\u00f3n de una cisterna y nueva red para la zona de La Banda, con una inversi\u00f3n cercana a los $ 5.600.000. \u201cEs como abrir una puerta en Naci\u00f3n, porque se puede llegar el d\u00eda de ma\u00f1ana a pedir cordones, ampliaci\u00f3n de escuelas, porque entran otras cosas\u201d, dijo L\u00f3pez, quien agreg\u00f3 que ambos proyectos fueron gestionados hace un a\u00f1o y medio, mientras que los fondos llegan en concepto de subsidios, por lo que la comuna no debe reintegrarlos.<\/p>\n<h6>Fuente: La Uni\u00f3n Digital<\/h6>\n","protected":false},"excerpt":{"rendered":"<p>Por gestiones realizadas ante el ministerio de Planificaci\u00f3n, Inversi\u00f3n P\u00fablica y Servicios de la Naci\u00f3n, que pone a disposici\u00f3n de las comunidades rurales los programas Prosofa y el Promeba, la Provincia logr\u00f3 que las localidades de Saujil, El Pajonal y la villa de Pom\u00e1n se vean beneficiadas con obras de suma importancia. El ingeniero Gustavo<\/p>\n","protected":false},"author":2,"featured_media":33860,"comment_status":"closed","ping_status":"closed","sticky":false,"template":"","format":"standard","meta":{"footnotes":""},"categories":[2],"tags":[16],"class_list":["post-33859","post","type-post","status-publish","format-standard","has-post-thumbnail","hentry","category-informe-municipal","tag-catamarca"],"_links":{"self":[{"href":"http:\/\/argentinamunicipal.com.ar\/argentina\/wp-json\/wp\/v2\/posts\/33859","targetHints":{"allow":["GET"]}}],"collection":[{"href":"http:\/\/argentinamunicipal.com.ar\/argentina\/wp-json\/wp\/v2\/posts"}],"about":[{"href":"http:\/\/argentinamunicipal.com.ar\/argentina\/wp-json\/wp\/v2\/types\/post"}],"author":[{"embeddable":true,"href":"http:\/\/argentinamunicipal.com.ar\/argentina\/wp-json\/wp\/v2\/users\/2"}],"replies":[{"embeddable":true,"href":"http:\/\/argentinamunicipal.com.ar\/argentina\/wp-json\/wp\/v2\/comments?post=33859"}],"version-history":[{"count":0,"href":"http:\/\/argentinamunicipal.com.ar\/argentina\/wp-json\/wp\/v2\/posts\/33859\/revisions"}],"wp:featuredmedia":[{"embeddable":true,"href":"http:\/\/argentinamunicipal.com.ar\/argentina\/wp-json\/wp\/v2\/media\/33860"}],"wp:attachment":[{"href":"http:\/\/argentinamunicipal.com.ar\/argentina\/wp-json\/wp\/v2\/media?parent=33859"}],"wp:term":[{"taxonomy":"category","embeddable":true,"href":"http:\/\/argentinamunicipal.com.ar\/argentina\/wp-json\/wp\/v2\/categories?post=33859"},{"taxonomy":"post_tag","embeddable":true,"href":"http:\/\/argentinamunicipal.com.ar\/argentina\/wp-json\/wp\/v2\/tags?post=33859"}],"curies":[{"name":"wp","href":"https:\/\/api.w.org\/{rel}","templated":true}]}}