{"id":33895,"date":"2015-07-28T09:03:07","date_gmt":"2015-07-28T12:03:07","guid":{"rendered":"http:\/\/argentinamunicipal.com.ar\/argentina\/?p=33895"},"modified":"2015-07-28T09:03:07","modified_gmt":"2015-07-28T12:03:07","slug":"cordoba-de-la-sota-descarto-reactivar-la-mesa-provincia-municipios","status":"publish","type":"post","link":"http:\/\/argentinamunicipal.com.ar\/argentina\/cordoba-de-la-sota-descarto-reactivar-la-mesa-provincia-municipios\/","title":{"rendered":"C\u00f3rdoba: De la Sota descart\u00f3 reactivar la Mesa Provincia- Municipios"},"content":{"rendered":"<p><a href=\"http:\/\/argentinamunicipal.com.ar\/argentina\/wp-content\/uploads\/2015\/07\/FABN5709-618x307.jpg\"><img loading=\"lazy\" decoding=\"async\" class=\"aligncenter size-full wp-image-33896\" src=\"http:\/\/argentinamunicipal.com.ar\/argentina\/wp-content\/uploads\/2015\/07\/FABN5709-618x307.jpg\" alt=\"FABN5709-618x307\" width=\"618\" height=\"307\" srcset=\"http:\/\/argentinamunicipal.com.ar\/argentina\/wp-content\/uploads\/2015\/07\/FABN5709-618x307.jpg 618w, http:\/\/argentinamunicipal.com.ar\/argentina\/wp-content\/uploads\/2015\/07\/FABN5709-618x307-300x149.jpg 300w\" sizes=\"auto, (max-width: 618px) 100vw, 618px\" \/><\/a><br \/>\nAs\u00ed lo inform\u00f3 a los intendentes opositores el secretario de Asuntos Municipales Rodrigo Rufeil.<\/p>\n<p>El gobierno de C\u00f3rdoba descart\u00f3 reactivar en el corto plazo las reuniones de la Mesa Provincia-Municipios pese a que los intendentes opositores de la UCR y del Frente C\u00edvico solicitaron una reuni\u00f3n urgente con el fin de tratar diferentes temas primordiales para los gobiernos locales del interior cordob\u00e9s.<\/p>\n<p>Pese a que la Mesa Provincia Municipios no se re\u00fane desde principios de marzo y ya pasaron las elecciones de gobernador y vice, la administraci\u00f3n delasotista se mantiene cerrada a las sugerencias de los jefes comunales opositores.<\/p>\n<p>Como respuesta al reclamo de los intendentes de la UCR y el Frente C\u00edvico, el secretario de Asuntos Municipales de C\u00f3rdoba Rodrigo Rufeil solo atin\u00f3 a responder que cualquier nuevo encuentro institucional de la Mesa se llevar\u00e1 a cabo reci\u00e9n despu\u00e9s de las elecciones Primarias Abiertas, Simult\u00e1neas y Obligatorias del pr\u00f3ximo 9 de agosto en las que el gobernador Jos\u00e9 Manuel de la Sota se postula como precandidato presidencial.<\/p>\n<p>Pese a que desempe\u00f1a un doble rol como funcionario provincial e intendente en las sombras de La Calera, Rufeil no pudo dar respuestas positivas a sus colegas radicales y del Frente C\u00edvico. S\u00f3lo se limit\u00f3 a decirles que no hay fecha ni motivos para reactivar este organismo de trabajo que tan buenos resultados le dio a De la Sota en sus primeras dos gestiones de gobierno entre 1999 y 2007.<\/p>\n<p>Como contrapartida, luego de asumir esta tercera gobernaci\u00f3n en diciembre de 2011, De la Sota congel\u00f3 la Mesa Provincia- Municipios para tener que responder las continuas cr\u00edticas- muchas de ellas justificadas- que hac\u00edan los m\u00e1ximos referentes del radicalismo y del Frente C\u00edvico.<\/p>\n<p>El gobierno de C\u00f3rdoba adeuda a los municipios m\u00faltiples promesas de gesti\u00f3n y de apoyo financiero, que no se cumplen por que las finanzas de C\u00f3rdoba est\u00e1n m\u00e1s que ajustadas.<\/p>\n<p>En este contexto, numerosos intendentes han reclamado la prometida actualizaci\u00f3n de los \u00edndices de Fofindes sin lograr su objetivo. Tampoco la Provincia permiti\u00f3 nunca a los intendentes realizar un seguimiento especial de los fondos de coparticipaci\u00f3n, de c\u00f3mo se nutren y son repartidos de manera inusta.<\/p>\n<p>De la Sota est\u00e1 en deuda adem\u00e1s con la promesa de aportar fondos provinciales a los intendentes para mantener los edificios y m\u00f3viles de la Polic\u00eda en cada pueblo o ciudad y tampoco puso en marcha de manera completa y eficiente el nuevo mecanismo de pago y rendici\u00f3n de los aportes para financiar la asistencia a guarder\u00edas y hogares de ancianos que son responsabilidad de las diferentes intendencias.<\/p>\n<p>A los intendentes opositores les molesta que teniendo tantos problemas que resolver, a De la Sota solo le preocupe su campa\u00f1a presidencial y que en consecuencia ordene a sus funcionarios paralizar el debate y la discusi\u00f3n de soluciones para diversos problemas que afectan a muchos municipios del interior cordob\u00e9s.<\/p>\n<h6>Fuente: La Ma\u00f1ana de C\u00f3rdoba<\/h6>\n","protected":false},"excerpt":{"rendered":"<p>As\u00ed lo inform\u00f3 a los intendentes opositores el secretario de Asuntos Municipales Rodrigo Rufeil. El gobierno de C\u00f3rdoba descart\u00f3 reactivar en el corto plazo las reuniones de la Mesa Provincia-Municipios pese a que los intendentes opositores de la UCR y del Frente C\u00edvico solicitaron una reuni\u00f3n urgente con el fin de tratar diferentes temas primordiales<\/p>\n","protected":false},"author":2,"featured_media":33896,"comment_status":"closed","ping_status":"closed","sticky":false,"template":"","format":"standard","meta":{"footnotes":""},"categories":[4],"tags":[3],"class_list":["post-33895","post","type-post","status-publish","format-standard","has-post-thumbnail","hentry","category-informe-politico","tag-cordoba"],"_links":{"self":[{"href":"http:\/\/argentinamunicipal.com.ar\/argentina\/wp-json\/wp\/v2\/posts\/33895","targetHints":{"allow":["GET"]}}],"collection":[{"href":"http:\/\/argentinamunicipal.com.ar\/argentina\/wp-json\/wp\/v2\/posts"}],"about":[{"href":"http:\/\/argentinamunicipal.com.ar\/argentina\/wp-json\/wp\/v2\/types\/post"}],"author":[{"embeddable":true,"href":"http:\/\/argentinamunicipal.com.ar\/argentina\/wp-json\/wp\/v2\/users\/2"}],"replies":[{"embeddable":true,"href":"http:\/\/argentinamunicipal.com.ar\/argentina\/wp-json\/wp\/v2\/comments?post=33895"}],"version-history":[{"count":0,"href":"http:\/\/argentinamunicipal.com.ar\/argentina\/wp-json\/wp\/v2\/posts\/33895\/revisions"}],"wp:featuredmedia":[{"embeddable":true,"href":"http:\/\/argentinamunicipal.com.ar\/argentina\/wp-json\/wp\/v2\/media\/33896"}],"wp:attachment":[{"href":"http:\/\/argentinamunicipal.com.ar\/argentina\/wp-json\/wp\/v2\/media?parent=33895"}],"wp:term":[{"taxonomy":"category","embeddable":true,"href":"http:\/\/argentinamunicipal.com.ar\/argentina\/wp-json\/wp\/v2\/categories?post=33895"},{"taxonomy":"post_tag","embeddable":true,"href":"http:\/\/argentinamunicipal.com.ar\/argentina\/wp-json\/wp\/v2\/tags?post=33895"}],"curies":[{"name":"wp","href":"https:\/\/api.w.org\/{rel}","templated":true}]}}