{"id":33904,"date":"2015-07-28T09:10:19","date_gmt":"2015-07-28T12:10:19","guid":{"rendered":"http:\/\/argentinamunicipal.com.ar\/argentina\/?p=33904"},"modified":"2015-07-28T09:10:19","modified_gmt":"2015-07-28T12:10:19","slug":"victoria-del-no-en-el-referendum-de-villa-allende-por-las-farmacias","status":"publish","type":"post","link":"http:\/\/argentinamunicipal.com.ar\/argentina\/victoria-del-no-en-el-referendum-de-villa-allende-por-las-farmacias\/","title":{"rendered":"Victoria del No en el refer\u00e9ndum de Villa Allende por las farmacias"},"content":{"rendered":"<p><a href=\"http:\/\/argentinamunicipal.com.ar\/argentina\/wp-content\/uploads\/2015\/07\/Villa-Allende.jpg\"><img loading=\"lazy\" decoding=\"async\" class=\"aligncenter size-full wp-image-33905\" src=\"http:\/\/argentinamunicipal.com.ar\/argentina\/wp-content\/uploads\/2015\/07\/Villa-Allende.jpg\" alt=\"Villa-Allende\" width=\"500\" height=\"381\" srcset=\"http:\/\/argentinamunicipal.com.ar\/argentina\/wp-content\/uploads\/2015\/07\/Villa-Allende.jpg 500w, http:\/\/argentinamunicipal.com.ar\/argentina\/wp-content\/uploads\/2015\/07\/Villa-Allende-300x229.jpg 300w\" sizes=\"auto, (max-width: 500px) 100vw, 500px\" \/><\/a><\/p>\n<p>Adem\u00e1s de la contundente victoria de Eduardo \u00abGato\u00bb Romero, el refer\u00e9ndum que se realiz\u00f3 en forma simult\u00e1nea con la elecci\u00f3n de autoridades municipales arroj\u00f3 el triunfo de la opci\u00f3n del NO al cambio de las ordenanzas que restringen la instalaci\u00f3n de farmacias en el ejido urbano municipal.<\/p>\n<p>De acuerdo a la informaci\u00f3n extraoficial, el NO obtuvo el 53% de los votos emitidos. Esto implica en los hechos una derrota para el gremio AGEC que pretend\u00eda habilitar una nueva farmacia en abierta violaci\u00f3n a las normativas vigentes.<\/p>\n<p>Como el Concejo Deliberante aprob\u00f3 los cambios y decidi\u00f3 someter los mismos a la voluntad de la gente, se decidi\u00f3 utilizar las mismas mesas de votaci\u00f3n para autoridades locales con el fin de que la ciudadan\u00eda de Villa Allende avalara o no esas modificaciones.<\/p>\n<p>El gremio AGEC construy\u00f3 una nueva farmacia pero \u00e9sta no pudo habilitarse. Tampoco podr\u00e1 hacerlo en el futuro ya que fracas\u00f3 el intendento del sindicato y de diversos sectores peronistas de modificar las normas con el aval de una supuesta mayor\u00eda que finalmente no existi\u00f3.<\/p>\n<p>En consecuencia las ordenanzas restrictivas seguir\u00e1n en vigencia en Villa Allende.<\/p>\n<h6>Fuente: La Ma\u00f1ana de C\u00f3rdoba<\/h6>\n","protected":false},"excerpt":{"rendered":"<p>Adem\u00e1s de la contundente victoria de Eduardo \u00abGato\u00bb Romero, el refer\u00e9ndum que se realiz\u00f3 en forma simult\u00e1nea con la elecci\u00f3n de autoridades municipales arroj\u00f3 el triunfo de la opci\u00f3n del NO al cambio de las ordenanzas que restringen la instalaci\u00f3n de farmacias en el ejido urbano municipal. De acuerdo a la informaci\u00f3n extraoficial, el NO<\/p>\n","protected":false},"author":2,"featured_media":33905,"comment_status":"closed","ping_status":"closed","sticky":false,"template":"","format":"standard","meta":{"footnotes":""},"categories":[2],"tags":[3],"class_list":["post-33904","post","type-post","status-publish","format-standard","has-post-thumbnail","hentry","category-informe-municipal","tag-cordoba"],"_links":{"self":[{"href":"http:\/\/argentinamunicipal.com.ar\/argentina\/wp-json\/wp\/v2\/posts\/33904","targetHints":{"allow":["GET"]}}],"collection":[{"href":"http:\/\/argentinamunicipal.com.ar\/argentina\/wp-json\/wp\/v2\/posts"}],"about":[{"href":"http:\/\/argentinamunicipal.com.ar\/argentina\/wp-json\/wp\/v2\/types\/post"}],"author":[{"embeddable":true,"href":"http:\/\/argentinamunicipal.com.ar\/argentina\/wp-json\/wp\/v2\/users\/2"}],"replies":[{"embeddable":true,"href":"http:\/\/argentinamunicipal.com.ar\/argentina\/wp-json\/wp\/v2\/comments?post=33904"}],"version-history":[{"count":0,"href":"http:\/\/argentinamunicipal.com.ar\/argentina\/wp-json\/wp\/v2\/posts\/33904\/revisions"}],"wp:featuredmedia":[{"embeddable":true,"href":"http:\/\/argentinamunicipal.com.ar\/argentina\/wp-json\/wp\/v2\/media\/33905"}],"wp:attachment":[{"href":"http:\/\/argentinamunicipal.com.ar\/argentina\/wp-json\/wp\/v2\/media?parent=33904"}],"wp:term":[{"taxonomy":"category","embeddable":true,"href":"http:\/\/argentinamunicipal.com.ar\/argentina\/wp-json\/wp\/v2\/categories?post=33904"},{"taxonomy":"post_tag","embeddable":true,"href":"http:\/\/argentinamunicipal.com.ar\/argentina\/wp-json\/wp\/v2\/tags?post=33904"}],"curies":[{"name":"wp","href":"https:\/\/api.w.org\/{rel}","templated":true}]}}