{"id":33907,"date":"2015-07-28T09:12:22","date_gmt":"2015-07-28T12:12:22","guid":{"rendered":"http:\/\/argentinamunicipal.com.ar\/argentina\/?p=33907"},"modified":"2015-07-28T09:12:22","modified_gmt":"2015-07-28T12:12:22","slug":"carlos-paz-sancionan-la-prohibicion-para-construir-en-montanas","status":"publish","type":"post","link":"http:\/\/argentinamunicipal.com.ar\/argentina\/carlos-paz-sancionan-la-prohibicion-para-construir-en-montanas\/","title":{"rendered":"Carlos Paz: sancionan la prohibici\u00f3n para construir en monta\u00f1as"},"content":{"rendered":"<div id=\"attachment_33908\" style=\"width: 652px\" class=\"wp-caption aligncenter\"><a href=\"http:\/\/argentinamunicipal.com.ar\/argentina\/wp-content\/uploads\/2015\/07\/Carlos_paz.jpg\"><img loading=\"lazy\" decoding=\"async\" aria-describedby=\"caption-attachment-33908\" class=\"size-full wp-image-33908\" src=\"http:\/\/argentinamunicipal.com.ar\/argentina\/wp-content\/uploads\/2015\/07\/Carlos_paz.jpg\" alt=\"Buscando espacio. Carlos Paz creci\u00f3 notoriamente en las \u00faltimas d\u00e9cadas, avanzando sobre el lago y sobre las laderas que la rodean \" width=\"642\" height=\"366\" srcset=\"http:\/\/argentinamunicipal.com.ar\/argentina\/wp-content\/uploads\/2015\/07\/Carlos_paz.jpg 642w, http:\/\/argentinamunicipal.com.ar\/argentina\/wp-content\/uploads\/2015\/07\/Carlos_paz-300x171.jpg 300w\" sizes=\"auto, (max-width: 642px) 100vw, 642px\" \/><\/a><p id=\"caption-attachment-33908\" class=\"wp-caption-text\">Buscando espacio. Carlos Paz creci\u00f3 notoriamente en las \u00faltimas d\u00e9cadas, avanzando sobre el lago y sobre las laderas que la rodean<\/p><\/div>\n<p>Qued\u00f3 finalmente aprobada la ordenanza que impide seguir avanzando sobre las laderas que rodean a la ciudad. Lo que ya est\u00e1 autorizado no ser\u00e1 revisado. Hubo debate por varios puntos.<\/p>\n<p>El Concejo de Representantes de Villa Carlos Paz aprob\u00f3 ayer por unanimidad la ordenanza que proh\u00edbe seguir construyendo en las laderas de las monta\u00f1as de su ejido, en una zona considerada \u00e1rea protegida. En su \u00faltima acci\u00f3n como cuerpo legislativo (en agosto asumir\u00e1 un nuevo Concejo), se declar\u00f3 la intangibilidad de los cerros que circundan a la ciudad, luego de d\u00e9cadas de avance urbano y de controversias en torno a los emprendimientos inmobiliarios o tur\u00edsticos en la monta\u00f1a.<\/p>\n<p>En abril pasado se hab\u00eda aprobado esta ordenanza en \u00adprimera lectura.<\/p>\n<p>En 2007 se intent\u00f3 una primera regulaci\u00f3n, con una ordenanza que creaba un \u00e1rea protegida pero que dejaba abierta la posibilidad de que el Concejo aprobara excepciones para nuevas edificaciones. Esta nueva norma proh\u00edbe ya todo tipo de edificaci\u00f3n en un \u00e1rea que no depende de una altura determinada, sino que se traz\u00f3 una l\u00ednea poligonal a partir de las construcciones ya existentes.<\/p>\n<p>Esta nueva ordenanza admite los proyectos preexistentes en el sector, como el Complejo Aerosilla, el Paseo de la Cruz, el predio del Rally Mundial y algunos emprendimientos \u00adtur\u00edsticos. Pero impide que se \u00adsuman otros.<\/p>\n<h6>Fuente: La Voz del Interior<\/h6>\n","protected":false},"excerpt":{"rendered":"<p>Qued\u00f3 finalmente aprobada la ordenanza que impide seguir avanzando sobre las laderas que rodean a la ciudad. Lo que ya est\u00e1 autorizado no ser\u00e1 revisado. Hubo debate por varios puntos. El Concejo de Representantes de Villa Carlos Paz aprob\u00f3 ayer por unanimidad la ordenanza que proh\u00edbe seguir construyendo en las laderas de las monta\u00f1as de<\/p>\n","protected":false},"author":2,"featured_media":33908,"comment_status":"closed","ping_status":"closed","sticky":false,"template":"","format":"standard","meta":{"footnotes":""},"categories":[2],"tags":[3],"class_list":["post-33907","post","type-post","status-publish","format-standard","has-post-thumbnail","hentry","category-informe-municipal","tag-cordoba"],"_links":{"self":[{"href":"http:\/\/argentinamunicipal.com.ar\/argentina\/wp-json\/wp\/v2\/posts\/33907","targetHints":{"allow":["GET"]}}],"collection":[{"href":"http:\/\/argentinamunicipal.com.ar\/argentina\/wp-json\/wp\/v2\/posts"}],"about":[{"href":"http:\/\/argentinamunicipal.com.ar\/argentina\/wp-json\/wp\/v2\/types\/post"}],"author":[{"embeddable":true,"href":"http:\/\/argentinamunicipal.com.ar\/argentina\/wp-json\/wp\/v2\/users\/2"}],"replies":[{"embeddable":true,"href":"http:\/\/argentinamunicipal.com.ar\/argentina\/wp-json\/wp\/v2\/comments?post=33907"}],"version-history":[{"count":0,"href":"http:\/\/argentinamunicipal.com.ar\/argentina\/wp-json\/wp\/v2\/posts\/33907\/revisions"}],"wp:featuredmedia":[{"embeddable":true,"href":"http:\/\/argentinamunicipal.com.ar\/argentina\/wp-json\/wp\/v2\/media\/33908"}],"wp:attachment":[{"href":"http:\/\/argentinamunicipal.com.ar\/argentina\/wp-json\/wp\/v2\/media?parent=33907"}],"wp:term":[{"taxonomy":"category","embeddable":true,"href":"http:\/\/argentinamunicipal.com.ar\/argentina\/wp-json\/wp\/v2\/categories?post=33907"},{"taxonomy":"post_tag","embeddable":true,"href":"http:\/\/argentinamunicipal.com.ar\/argentina\/wp-json\/wp\/v2\/tags?post=33907"}],"curies":[{"name":"wp","href":"https:\/\/api.w.org\/{rel}","templated":true}]}}