{"id":33981,"date":"2015-07-29T09:02:55","date_gmt":"2015-07-29T12:02:55","guid":{"rendered":"http:\/\/argentinamunicipal.com.ar\/argentina\/?p=33981"},"modified":"2015-07-29T09:02:55","modified_gmt":"2015-07-29T12:02:55","slug":"la-ciudad-de-santa-fe-avanza-hacia-la-calificacion-de-municipio-saludable","status":"publish","type":"post","link":"http:\/\/argentinamunicipal.com.ar\/argentina\/la-ciudad-de-santa-fe-avanza-hacia-la-calificacion-de-municipio-saludable\/","title":{"rendered":"La Ciudad de Santa Fe avanza hacia la calificaci\u00f3n de Municipio Saludable"},"content":{"rendered":"<p><a href=\"http:\/\/argentinamunicipal.com.ar\/argentina\/wp-content\/uploads\/2015\/07\/Santa-fe.jpg\"><img loading=\"lazy\" decoding=\"async\" class=\"aligncenter size-full wp-image-33982\" src=\"http:\/\/argentinamunicipal.com.ar\/argentina\/wp-content\/uploads\/2015\/07\/Santa-fe.jpg\" alt=\"Santa-fe\" width=\"640\" height=\"426\" srcset=\"http:\/\/argentinamunicipal.com.ar\/argentina\/wp-content\/uploads\/2015\/07\/Santa-fe.jpg 640w, http:\/\/argentinamunicipal.com.ar\/argentina\/wp-content\/uploads\/2015\/07\/Santa-fe-300x200.jpg 300w\" sizes=\"auto, (max-width: 640px) 100vw, 640px\" \/><\/a><br \/>\nEste mi\u00e9rcoles a las 10 se inaugurar\u00e1 en el Palacio Municipal una Sala de Situaci\u00f3n de Salud Local, una herramienta clave para el trazado de pol\u00edticas p\u00fablicas en materia sanitaria.<\/p>\n<p>El intendente Jos\u00e9 Corral dejar\u00e1 inaugurada este mi\u00e9rcoles a las 10, la Sala de Situaci\u00f3n de Salud Local del Gobierno de la Ciudad. El acto se llevar\u00e1 a cabo en el piso 9 del Palacio Municipal, y contar\u00e1 adem\u00e1s con la presencia de funcionarios del Ministerio de Salud de la Naci\u00f3n y del Ministerio de Salud de la Provincia.<\/p>\n<p>La Sala de Situaci\u00f3n de Salud Local es un espacio f\u00edsico y virtual de informaci\u00f3n para la gesti\u00f3n, y se convierte en una herramienta fundamental a la hora del trazado de pol\u00edticas p\u00fablicas de salud. Su funci\u00f3n principal es la recopilaci\u00f3n, organizaci\u00f3n y sistematizaci\u00f3n de datos indicadores de la situaci\u00f3n de salud de la poblaci\u00f3n, como as\u00ed tambi\u00e9n la integraci\u00f3n y articulaci\u00f3n de acciones tendientes a incentivar h\u00e1bitos saludables y generar actividades que fortalezcan la participaci\u00f3n ciudadana.<\/p>\n<p>Con la inauguraci\u00f3n de esta Sala, el Municipio est\u00e1 en condiciones de acreditar como Municipio Responsable en Salud. De esta forma, se ubicar\u00eda en el \u00faltimo tramo de la acreditaci\u00f3n como Municipio Saludable, lo que permitir\u00e1 implementar la autoevaluaci\u00f3n y evaluaci\u00f3n externa por parte de expertos de la Organizaci\u00f3n Mundial de la Salud.<\/p>\n<h6>Fuente: Sin Mordaza<\/h6>\n","protected":false},"excerpt":{"rendered":"<p>Este mi\u00e9rcoles a las 10 se inaugurar\u00e1 en el Palacio Municipal una Sala de Situaci\u00f3n de Salud Local, una herramienta clave para el trazado de pol\u00edticas p\u00fablicas en materia sanitaria. El intendente Jos\u00e9 Corral dejar\u00e1 inaugurada este mi\u00e9rcoles a las 10, la Sala de Situaci\u00f3n de Salud Local del Gobierno de la Ciudad. El acto<\/p>\n","protected":false},"author":2,"featured_media":33982,"comment_status":"closed","ping_status":"closed","sticky":false,"template":"","format":"standard","meta":{"footnotes":""},"categories":[2],"tags":[10],"class_list":["post-33981","post","type-post","status-publish","format-standard","has-post-thumbnail","hentry","category-informe-municipal","tag-santa-fe"],"_links":{"self":[{"href":"http:\/\/argentinamunicipal.com.ar\/argentina\/wp-json\/wp\/v2\/posts\/33981","targetHints":{"allow":["GET"]}}],"collection":[{"href":"http:\/\/argentinamunicipal.com.ar\/argentina\/wp-json\/wp\/v2\/posts"}],"about":[{"href":"http:\/\/argentinamunicipal.com.ar\/argentina\/wp-json\/wp\/v2\/types\/post"}],"author":[{"embeddable":true,"href":"http:\/\/argentinamunicipal.com.ar\/argentina\/wp-json\/wp\/v2\/users\/2"}],"replies":[{"embeddable":true,"href":"http:\/\/argentinamunicipal.com.ar\/argentina\/wp-json\/wp\/v2\/comments?post=33981"}],"version-history":[{"count":0,"href":"http:\/\/argentinamunicipal.com.ar\/argentina\/wp-json\/wp\/v2\/posts\/33981\/revisions"}],"wp:featuredmedia":[{"embeddable":true,"href":"http:\/\/argentinamunicipal.com.ar\/argentina\/wp-json\/wp\/v2\/media\/33982"}],"wp:attachment":[{"href":"http:\/\/argentinamunicipal.com.ar\/argentina\/wp-json\/wp\/v2\/media?parent=33981"}],"wp:term":[{"taxonomy":"category","embeddable":true,"href":"http:\/\/argentinamunicipal.com.ar\/argentina\/wp-json\/wp\/v2\/categories?post=33981"},{"taxonomy":"post_tag","embeddable":true,"href":"http:\/\/argentinamunicipal.com.ar\/argentina\/wp-json\/wp\/v2\/tags?post=33981"}],"curies":[{"name":"wp","href":"https:\/\/api.w.org\/{rel}","templated":true}]}}