{"id":33984,"date":"2015-07-29T09:05:06","date_gmt":"2015-07-29T12:05:06","guid":{"rendered":"http:\/\/argentinamunicipal.com.ar\/argentina\/?p=33984"},"modified":"2015-07-29T09:05:06","modified_gmt":"2015-07-29T12:05:06","slug":"area-industrial-de-santa-fe-ya-son-25-empresas-las-que-tienen-su-lugar-en-los-poligonos","status":"publish","type":"post","link":"http:\/\/argentinamunicipal.com.ar\/argentina\/area-industrial-de-santa-fe-ya-son-25-empresas-las-que-tienen-su-lugar-en-los-poligonos\/","title":{"rendered":"\u00c1rea Industrial de Santa Fe: ya son 25 empresas las que tienen su lugar en Los Pol\u00edgonos"},"content":{"rendered":"<p><a href=\"http:\/\/argentinamunicipal.com.ar\/argentina\/wp-content\/uploads\/2015\/07\/papeleraprimera.jpg_973718260.jpg\"><img loading=\"lazy\" decoding=\"async\" class=\"aligncenter  wp-image-33985\" src=\"http:\/\/argentinamunicipal.com.ar\/argentina\/wp-content\/uploads\/2015\/07\/papeleraprimera.jpg_973718260.jpg\" alt=\"papeleraprimera.jpg_973718260\" width=\"628\" height=\"438\" srcset=\"http:\/\/argentinamunicipal.com.ar\/argentina\/wp-content\/uploads\/2015\/07\/papeleraprimera.jpg_973718260.jpg 789w, http:\/\/argentinamunicipal.com.ar\/argentina\/wp-content\/uploads\/2015\/07\/papeleraprimera.jpg_973718260-300x209.jpg 300w\" sizes=\"auto, (max-width: 628px) 100vw, 628px\" \/><\/a><br \/>\nEl Intendente rubric\u00f3 con los propietarios de Papelera Doble V el boleto de compraventa por la adquisici\u00f3n de una parcela en el predio construido por el Gobierno de la Ciudad en la zona norte de la capital provincial. \u201cEs una alegr\u00eda porque ya estamos completando la primera etapa de esta experiencia extraordinaria que tiene la ciudad\u201d dijo Jos\u00e9 Corral.<\/p>\n<p>En las instalaciones donde hoy funciona Papelera Doble V, en calle Urquiza 5.475, el intendente Jos\u00e9 Corral encabez\u00f3 el acto de r\u00fabrica del boleto de compraventa para la radicaci\u00f3n de la empresa en el \u00c1rea Industrial Los Pol\u00edgonos. Con esta firma, ya son 25 las empresas que cuentan con un lote en el \u00c1rea Industrial construida por el Gobierno de la Ciudad en el Norte de la capital provincial.<\/p>\n<p>Papelera Doble V es una empresa santafesina que fabrica productos de insumos, de higiene institucional y dom\u00e9sticos de papel. La parcela adquirida ser\u00e1 destinada exclusivamente a la industria papelera y sus derivados, por ejemplo, servilletas, bobinas, toallas y otros productos relacionados, pero todos elaborados con papel. El principal objetivo es elaborar nuevos productos, ampliar el mercado nacional y llegar a otras provincias; e incorporar nuevo equipamiento y tecnolog\u00eda.<\/p>\n<p>Junto a Jos\u00e9 Corral, presenciaron a la actividad el concejal Mariano Cejas; el secretario de la Producci\u00f3n, Pablo Tabares; el subsecretario de Industria y Comercio, Julio Tealdo y el presidente de la Uni\u00f3n Industrial de Santa Fe, Alejandro Taborda, entre otros funcionarios y autoridades. Adem\u00e1s, participaron la titular de la firma Doble V, Nidia Vaudagna, junto a sus hijos Adri\u00e1n y Pedro; familiares, empleados y representantes de empresas ya radicadas en el \u00c1rea Industrial.<\/p>\n<p><strong>Parque completo<\/strong><\/p>\n<p>Al destacar la importancia por la nueva firma que se incorpora a Los Pol\u00edgonos, el intendente Jos\u00e9 Corral se\u00f1al\u00f3 que \u201ces una alegr\u00eda porque ya estamos completando esta primera etapa, y ya est\u00e1 en tratamiento Los Pol\u00edgonos II, que es la posibilidad de ampliar un nuevo sector de esta experiencia extraordinaria que tiene la ciudad\u201d, dijo.<\/p>\n<p>En ese sentido, el mandatario local valor\u00f3 que en poco tiempo, desde que se aprob\u00f3 la ordenanza en 2010, el parque \u201cya est\u00e1 completo, incluso con cuatro empresas que ya est\u00e1n produciendo en el lugar. En todos los casos son emprendimientos santafesinos que tienen una historia que vale la pena escuchar y que tiene que ver con el esfuerzo de familias de la ciudad que han atravesado muchas dificultades, las propias del pa\u00eds y de la econom\u00eda, y las propias de la ciudad, como en este caso la inundaci\u00f3n de 2003\u201d, dijo en alusi\u00f3n a la firma Doble V. \u201cAqu\u00ed est\u00e1n trabajando, con esperanza y en un momento dif\u00edcil tambi\u00e9n de la econom\u00eda, pero sin embargo apostando a la ciudad. Y si los santafesinos apostamos a la ciudad, eso quiere decir que tenemos confianza en nuestro futuro\u201d, destac\u00f3 el Intendente.<\/p>\n<p><strong>Oportunidades y empleo<\/strong><\/p>\n<p>Jos\u00e9 Corral se\u00f1al\u00f3 luego las posibilidades que ofrece el Area Industrial, \u201ccon las mejores condiciones log\u00edsticas y los servicios. Esto va a generar, y de hecho est\u00e1 ocurriendo, un entorno productivo\u201d. Pero a la vez rescat\u00f3 que la oportunidad de contar con un lugar para las industrias, \u201clibera algunos lugares de la ciudad que no son los m\u00e1s adecuados para la actividad industrial y que traen siempre alguna dificultad en el tr\u00e1nsito y en la convivencia con los vecinos; as\u00ed que tiene que ver tambi\u00e9n con ordenar la ciudad\u201d, argument\u00f3.<\/p>\n<p>Finalmente resalt\u00f3 que \u201clo m\u00e1s importante, es que aqu\u00ed hay empleos genuinos de santafesinos y santafesinas que tienen una oportunidad de vida digna y un horizonte de desarrollo asociado a una actividad econ\u00f3mica. Todos sabemos que no hay empleos genuinos si no hay producci\u00f3n, pero para eso hacen falta empresarios que crean en la actividad y que apuesten, y por eso nuestra obligaci\u00f3n como Estado es acompa\u00f1arlos\u201d concluy\u00f3 Jos\u00e9 Corral.<\/p>\n<p><strong>Apuesta local<\/strong><\/p>\n<p>A su turno, la titular de la empresa, Nidia Vaudagna; agradeci\u00f3 al Municipio y al mandatario local \u201cpor haber cre\u00eddo en nosotros. Comenzamos esto como un desaf\u00edo y a pesar de muchos inconvenientes, los hemos superado y estamos ac\u00e1, felices de integrar este grupo que es muy importante para la ciudad\u201d.<\/p>\n<p>En ese sentido, manifest\u00f3 que \u201cesto es una empresa familiar que empez\u00f3 hace unos cuantos a\u00f1os. Ahora tenemos la posibilidad de agrandarnos, de comprar m\u00e1s m\u00e1quinas, tener m\u00e1s productos e incorporar m\u00e1s gente, que es lo que buscamos. Y en un lugar estrat\u00e9gico para poder trabajar m\u00e1s c\u00f3modos\u201d.<\/p>\n<p>Por \u00faltimo, ratific\u00f3 su apuesta a Santa Fe, que \u201cfue el lugar elegido en su momento para poner estas m\u00e1quinas cuando todos nos ofrec\u00edan Buenos Aires, y nosotros elegimos nuestra ciudad. Es un momento para festejar. Gracias por haber confiado en nuestra empresa\u201d, concluy\u00f3 Nidia.<\/p>\n<h6>Fuente: Uno, Santa Fe<\/h6>\n","protected":false},"excerpt":{"rendered":"<p>El Intendente rubric\u00f3 con los propietarios de Papelera Doble V el boleto de compraventa por la adquisici\u00f3n de una parcela en el predio construido por el Gobierno de la Ciudad en la zona norte de la capital provincial. \u201cEs una alegr\u00eda porque ya estamos completando la primera etapa de esta experiencia extraordinaria que tiene la<\/p>\n","protected":false},"author":2,"featured_media":33985,"comment_status":"closed","ping_status":"closed","sticky":false,"template":"","format":"standard","meta":{"footnotes":""},"categories":[2],"tags":[10],"class_list":["post-33984","post","type-post","status-publish","format-standard","has-post-thumbnail","hentry","category-informe-municipal","tag-santa-fe"],"_links":{"self":[{"href":"http:\/\/argentinamunicipal.com.ar\/argentina\/wp-json\/wp\/v2\/posts\/33984","targetHints":{"allow":["GET"]}}],"collection":[{"href":"http:\/\/argentinamunicipal.com.ar\/argentina\/wp-json\/wp\/v2\/posts"}],"about":[{"href":"http:\/\/argentinamunicipal.com.ar\/argentina\/wp-json\/wp\/v2\/types\/post"}],"author":[{"embeddable":true,"href":"http:\/\/argentinamunicipal.com.ar\/argentina\/wp-json\/wp\/v2\/users\/2"}],"replies":[{"embeddable":true,"href":"http:\/\/argentinamunicipal.com.ar\/argentina\/wp-json\/wp\/v2\/comments?post=33984"}],"version-history":[{"count":0,"href":"http:\/\/argentinamunicipal.com.ar\/argentina\/wp-json\/wp\/v2\/posts\/33984\/revisions"}],"wp:featuredmedia":[{"embeddable":true,"href":"http:\/\/argentinamunicipal.com.ar\/argentina\/wp-json\/wp\/v2\/media\/33985"}],"wp:attachment":[{"href":"http:\/\/argentinamunicipal.com.ar\/argentina\/wp-json\/wp\/v2\/media?parent=33984"}],"wp:term":[{"taxonomy":"category","embeddable":true,"href":"http:\/\/argentinamunicipal.com.ar\/argentina\/wp-json\/wp\/v2\/categories?post=33984"},{"taxonomy":"post_tag","embeddable":true,"href":"http:\/\/argentinamunicipal.com.ar\/argentina\/wp-json\/wp\/v2\/tags?post=33984"}],"curies":[{"name":"wp","href":"https:\/\/api.w.org\/{rel}","templated":true}]}}