{"id":33987,"date":"2015-07-29T09:08:22","date_gmt":"2015-07-29T12:08:22","guid":{"rendered":"http:\/\/argentinamunicipal.com.ar\/argentina\/?p=33987"},"modified":"2015-07-29T09:08:22","modified_gmt":"2015-07-29T12:08:22","slug":"los-municipios-de-santa-fe-patentaran-de-oficio-vehiculos-registrados-en-otras-provincias","status":"publish","type":"post","link":"http:\/\/argentinamunicipal.com.ar\/argentina\/los-municipios-de-santa-fe-patentaran-de-oficio-vehiculos-registrados-en-otras-provincias\/","title":{"rendered":"Los municipios de Santa Fe patentar\u00e1n de oficio veh\u00edculos registrados en otras provincias"},"content":{"rendered":"<p><a href=\"http:\/\/argentinamunicipal.com.ar\/argentina\/wp-content\/uploads\/2015\/07\/Patentes.jpg_973718260.jpg\"><img loading=\"lazy\" decoding=\"async\" class=\"aligncenter  wp-image-33988\" src=\"http:\/\/argentinamunicipal.com.ar\/argentina\/wp-content\/uploads\/2015\/07\/Patentes.jpg_973718260.jpg\" alt=\"Patentes.jpg_973718260\" width=\"671\" height=\"468\" srcset=\"http:\/\/argentinamunicipal.com.ar\/argentina\/wp-content\/uploads\/2015\/07\/Patentes.jpg_973718260.jpg 789w, http:\/\/argentinamunicipal.com.ar\/argentina\/wp-content\/uploads\/2015\/07\/Patentes.jpg_973718260-300x209.jpg 300w\" sizes=\"auto, (max-width: 671px) 100vw, 671px\" \/><\/a><br \/>\nEl administrador provincial de API sostuvo que no hay argumentos para que una persona que vive en una ciudad de la provincia patente su auto en otra.<\/p>\n<p>El gobernador Antonio Bonfatti firm\u00f3 el decreto que reglamenta la incorporaci\u00f3n de un art\u00edculo\u00a0que autoriza la inscripci\u00f3n \u201cde oficio\u201d de los veh\u00edculos que siendo sus propietarios de Santa Fe, se encuentran consignados en otras jurisdicciones. La potestad ser\u00e1 de los municipios y comunas.<\/p>\n<p>El administrador provincial de API,\u00a0Jos\u00e9 Raffin,\u00a0explic\u00f3 que \u00abcon este decreto se reglamenta lo que se modific\u00f3 en al ley de presupuesto\u00bb y record\u00f3 que este impuesto va en su totalidad para los municipios. \u201cTodos los ciudadanos nos quejamos cuando los caminos no est\u00e1n en condiciones o las calles est\u00e1n en mal estado pero para ello se necesitan los fondos que recauda patentes del automotor\u00bb, manifest\u00f3.<\/p>\n<p>En este sentido indic\u00f3 en el aire de LT10: \u00abHoy, tenemos la posibilidad de inscribir de oficio a todas las personas que deber\u00edan tener sus veh\u00edculos patentados en Santa Fe y los tienen en otra jurisdicci\u00f3n. Nosotros venimos trabajando fuertemente con los municipios del norte. Gran parte de los veh\u00edculos de Reconquista y Avellaneda est\u00e1n registrados en San Cosme, Corrientes, lugar donde les cobra mucho menos que en cualquier provincia\u201d.<\/p>\n<p>Asimismo remarc\u00f3 que este decreto, que permite a municipios y comunas iniciar el sumario, se cumplir\u00e1 a partir del \u00abentrecruzamiento de datos\u00bb y ejemplific\u00f3: \u00abUna persona que vive con su familia en una ciudad de Santa Fe y trabaja adentro de la provincia no tiene ning\u00fan argumento para patentar el auto en Corrientes. Los municipios ya tienen el listado de los autos sospechados. Esta gente deber\u00e1 argumentar porque tiene patentado el auto fuera d ella provincia\u201d.<\/p>\n<h6>Fuente: Uno, Santa Fe<\/h6>\n","protected":false},"excerpt":{"rendered":"<p>El administrador provincial de API sostuvo que no hay argumentos para que una persona que vive en una ciudad de la provincia patente su auto en otra. El gobernador Antonio Bonfatti firm\u00f3 el decreto que reglamenta la incorporaci\u00f3n de un art\u00edculo\u00a0que autoriza la inscripci\u00f3n \u201cde oficio\u201d de los veh\u00edculos que siendo sus propietarios de Santa<\/p>\n","protected":false},"author":2,"featured_media":33988,"comment_status":"closed","ping_status":"closed","sticky":false,"template":"","format":"standard","meta":{"footnotes":""},"categories":[2],"tags":[10],"class_list":["post-33987","post","type-post","status-publish","format-standard","has-post-thumbnail","hentry","category-informe-municipal","tag-santa-fe"],"_links":{"self":[{"href":"http:\/\/argentinamunicipal.com.ar\/argentina\/wp-json\/wp\/v2\/posts\/33987","targetHints":{"allow":["GET"]}}],"collection":[{"href":"http:\/\/argentinamunicipal.com.ar\/argentina\/wp-json\/wp\/v2\/posts"}],"about":[{"href":"http:\/\/argentinamunicipal.com.ar\/argentina\/wp-json\/wp\/v2\/types\/post"}],"author":[{"embeddable":true,"href":"http:\/\/argentinamunicipal.com.ar\/argentina\/wp-json\/wp\/v2\/users\/2"}],"replies":[{"embeddable":true,"href":"http:\/\/argentinamunicipal.com.ar\/argentina\/wp-json\/wp\/v2\/comments?post=33987"}],"version-history":[{"count":0,"href":"http:\/\/argentinamunicipal.com.ar\/argentina\/wp-json\/wp\/v2\/posts\/33987\/revisions"}],"wp:featuredmedia":[{"embeddable":true,"href":"http:\/\/argentinamunicipal.com.ar\/argentina\/wp-json\/wp\/v2\/media\/33988"}],"wp:attachment":[{"href":"http:\/\/argentinamunicipal.com.ar\/argentina\/wp-json\/wp\/v2\/media?parent=33987"}],"wp:term":[{"taxonomy":"category","embeddable":true,"href":"http:\/\/argentinamunicipal.com.ar\/argentina\/wp-json\/wp\/v2\/categories?post=33987"},{"taxonomy":"post_tag","embeddable":true,"href":"http:\/\/argentinamunicipal.com.ar\/argentina\/wp-json\/wp\/v2\/tags?post=33987"}],"curies":[{"name":"wp","href":"https:\/\/api.w.org\/{rel}","templated":true}]}}