{"id":34017,"date":"2015-07-29T08:43:10","date_gmt":"2015-07-29T11:43:10","guid":{"rendered":"http:\/\/argentinamunicipal.com.ar\/argentina\/?p=34017"},"modified":"2015-07-29T09:45:05","modified_gmt":"2015-07-29T12:45:05","slug":"plantaron-mas-de-1-000-arboles-en-lo-que-va-del-ano-en-parana","status":"publish","type":"post","link":"http:\/\/argentinamunicipal.com.ar\/argentina\/plantaron-mas-de-1-000-arboles-en-lo-que-va-del-ano-en-parana\/","title":{"rendered":"Plantaron m\u00e1s de 1.000 \u00e1rboles en lo que va del a\u00f1o en\u00a0Paran\u00e1"},"content":{"rendered":"<p><a href=\"http:\/\/argentinamunicipal.com.ar\/argentina\/wp-content\/uploads\/2015\/07\/o_1438154854.jpg\"><img loading=\"lazy\" decoding=\"async\" class=\"aligncenter  wp-image-34018\" src=\"http:\/\/argentinamunicipal.com.ar\/argentina\/wp-content\/uploads\/2015\/07\/o_1438154854.jpg\" alt=\"o_1438154854\" width=\"636\" height=\"358\" srcset=\"http:\/\/argentinamunicipal.com.ar\/argentina\/wp-content\/uploads\/2015\/07\/o_1438154854.jpg 800w, http:\/\/argentinamunicipal.com.ar\/argentina\/wp-content\/uploads\/2015\/07\/o_1438154854-300x169.jpg 300w\" sizes=\"auto, (max-width: 636px) 100vw, 636px\" \/><\/a><br \/>\nEn agosto del a\u00f1o pasado, la Municipalidad de Paran\u00e1 puso en marcha el Programa de Arbolado Urbano. En la semana del \u00c1rbol Entrerriano se prev\u00e9n m\u00e1s plantaciones en distintos sectores de la ciudad.<\/p>\n<p>El Programa de Arbolado Urbano se gest\u00f3 con el objetivo de evaluar, restituir y mejorar el estado del arbolado urbano tanto en espacios p\u00fablicos como el arbolado de alineaci\u00f3n, entendiendo que el mismo constituye un importante servicio ambiental e integra el patrimonio e identidad de la ciudad.<\/p>\n<p>Esta iniciativa est\u00e1 compuesta por el relevamiento del arbolado urbano junto a la c\u00e1tedra Espacios Verdes de la Facultad de Ciencias Agropecuarias de la UNER, la puesta en valor del Vivero Municipal en su funci\u00f3n de productor de especies y ejemplares que son utilizados para las plantaciones del espacio p\u00fablico, y las plantaciones propiamente dichas en diversas plazas, escuelas y veredas de la ciudad que permiten articular acciones con los vecinos e instituciones de bien p\u00fablico y difundir los beneficios y cuidados de las distintas especies que habitan la ciudad.<\/p>\n<p>Como resultado de un a\u00f1o de implementaci\u00f3n del Programa de Arbolado Urbano, se destaca el aumento de plantaciones respecto al mismo semestre de 2014, en el cual se plantaron 840 especies entre palmeras, \u00e1rboles, arbustos y plantines, y en lo que va de este a\u00f1o 2015 se ha llegado a plantar 1305 ejemplares.<\/p>\n<p>La importante participaci\u00f3n de escuelas se ha visto reflejada en las jornadas donde se realizan los Operativos Integrales Municipales, es el caso de instituciones como las escuelas Evaristo Carriego, Maestro Entrerriano y Santa Luc\u00eda -que forman parte de la Red de Escuelas Verdes-, el Jard\u00edn Burbujas de Ilusi\u00f3n, y las escuelas \u00c1lvarez Condarco, Las Heras, San Jos\u00e9 Obrero, Nuestra Se\u00f1ora de la Divina Providencia, entre otras, las cuales adem\u00e1s de realizar plantaciones, participaron de charlas sobre la conservaci\u00f3n y compartieron una merienda saludable.<\/p>\n<p>Esta pol\u00edtica incipiente, que es priorizada por la Intendenta entendiendo el valor ambiental que cumple el arbolado en una ciudad en crecimiento, es fundamental para concretar los objetivos de una ciudad emergente y sustentable. De modo tal que abonamos el fortalecimiento de esta l\u00ednea de trabajo, que nos permita avanzar sobre los desaf\u00edos que plantea una visi\u00f3n integral de la conservaci\u00f3n y el mantenimiento del arbolado en conjunto con el espacio p\u00fablico y las necesidades territoriales.<\/p>\n<p><strong>Actividades por la Semana del \u00c1rbol Entrerriano<\/strong><\/p>\n<p>En conmemoraci\u00f3n al D\u00eda del \u00c1rbol Entrerriano, sancionado por ley 1476, en Concepci\u00f3n del Uruguay el 28 de julio de 1901, la Municipalidad de Paran\u00e1 a trav\u00e9s de la Secretar\u00eda de Medio Ambiente llevar\u00e1 a cabo diversas acciones que involucran la educaci\u00f3n y concientizaci\u00f3n ambiental en materia de arbolado.<\/p>\n<p>Este mi\u00e9rcoles se realizar\u00e1 una plantaci\u00f3n en barrio Los Ceibos, sobre un loteo frente al aeropuerto por calle Caputo. Se trata de un pedido de los vecinos para contribuir a la formaci\u00f3n de una nueva plaza y espacio verde, sobre el cual el municipio est\u00e1 acompa\u00f1ando tanto en la provista de especies arb\u00f3reas como en juegos y bancos.<\/p>\n<p>Por otro lado, este viernes tambi\u00e9n se plantar\u00e1n especies sobre un nuevo espacio verde, por calle Artigas y Jorge Newbery, en respuesta al pedido de vecinos que quieren recuperar esa zona para esparcimiento.<\/p>\n<h6>Fuente: El Once<\/h6>\n","protected":false},"excerpt":{"rendered":"<p>En agosto del a\u00f1o pasado, la Municipalidad de Paran\u00e1 puso en marcha el Programa de Arbolado Urbano. En la semana del \u00c1rbol Entrerriano se prev\u00e9n m\u00e1s plantaciones en distintos sectores de la ciudad. El Programa de Arbolado Urbano se gest\u00f3 con el objetivo de evaluar, restituir y mejorar el estado del arbolado urbano tanto en<\/p>\n","protected":false},"author":2,"featured_media":34018,"comment_status":"closed","ping_status":"closed","sticky":false,"template":"","format":"standard","meta":{"footnotes":""},"categories":[2],"tags":[17],"class_list":["post-34017","post","type-post","status-publish","format-standard","has-post-thumbnail","hentry","category-informe-municipal","tag-entre-rios"],"_links":{"self":[{"href":"http:\/\/argentinamunicipal.com.ar\/argentina\/wp-json\/wp\/v2\/posts\/34017","targetHints":{"allow":["GET"]}}],"collection":[{"href":"http:\/\/argentinamunicipal.com.ar\/argentina\/wp-json\/wp\/v2\/posts"}],"about":[{"href":"http:\/\/argentinamunicipal.com.ar\/argentina\/wp-json\/wp\/v2\/types\/post"}],"author":[{"embeddable":true,"href":"http:\/\/argentinamunicipal.com.ar\/argentina\/wp-json\/wp\/v2\/users\/2"}],"replies":[{"embeddable":true,"href":"http:\/\/argentinamunicipal.com.ar\/argentina\/wp-json\/wp\/v2\/comments?post=34017"}],"version-history":[{"count":0,"href":"http:\/\/argentinamunicipal.com.ar\/argentina\/wp-json\/wp\/v2\/posts\/34017\/revisions"}],"wp:featuredmedia":[{"embeddable":true,"href":"http:\/\/argentinamunicipal.com.ar\/argentina\/wp-json\/wp\/v2\/media\/34018"}],"wp:attachment":[{"href":"http:\/\/argentinamunicipal.com.ar\/argentina\/wp-json\/wp\/v2\/media?parent=34017"}],"wp:term":[{"taxonomy":"category","embeddable":true,"href":"http:\/\/argentinamunicipal.com.ar\/argentina\/wp-json\/wp\/v2\/categories?post=34017"},{"taxonomy":"post_tag","embeddable":true,"href":"http:\/\/argentinamunicipal.com.ar\/argentina\/wp-json\/wp\/v2\/tags?post=34017"}],"curies":[{"name":"wp","href":"https:\/\/api.w.org\/{rel}","templated":true}]}}