{"id":34042,"date":"2015-07-30T07:36:05","date_gmt":"2015-07-30T10:36:05","guid":{"rendered":"http:\/\/argentinamunicipal.com.ar\/argentina\/?p=34042"},"modified":"2015-07-30T07:36:05","modified_gmt":"2015-07-30T10:36:05","slug":"haran-300-rampas-para-discapacitados-en-rio-cuarto-que-son-financiadas-por-los-infractores","status":"publish","type":"post","link":"http:\/\/argentinamunicipal.com.ar\/argentina\/haran-300-rampas-para-discapacitados-en-rio-cuarto-que-son-financiadas-por-los-infractores\/","title":{"rendered":"Har\u00e1n 300 rampas para discapacitados en R\u00edo Cuarto que son financiadas por los infractores"},"content":{"rendered":"<p><a href=\"http:\/\/argentinamunicipal.com.ar\/argentina\/wp-content\/uploads\/2015\/07\/96427.jpg\"><img loading=\"lazy\" decoding=\"async\" class=\"aligncenter size-full wp-image-34043\" src=\"http:\/\/argentinamunicipal.com.ar\/argentina\/wp-content\/uploads\/2015\/07\/96427.jpg\" alt=\"96427\" width=\"574\" height=\"332\" srcset=\"http:\/\/argentinamunicipal.com.ar\/argentina\/wp-content\/uploads\/2015\/07\/96427.jpg 574w, http:\/\/argentinamunicipal.com.ar\/argentina\/wp-content\/uploads\/2015\/07\/96427-300x174.jpg 300w\" sizes=\"auto, (max-width: 574px) 100vw, 574px\" \/><\/a><br \/>\nSe construir\u00e1n con $ 850 mil recaudados por el Edecom en multas a los que obstaculizan esos accesos o estacionamientos reservados. El Municipio las har\u00e1 en el microcentro: 250 nuevas y 60 se reparar\u00e1n<\/p>\n<p>El Municipio construir\u00e1 314 rampas para discapacitados en el sector del microcentro, y se pagar\u00e1n con 850 mil pesos que el Edecom recaud\u00f3 por aplicarles multas a quienes obstruyen esos accesos u ocupan los estacionamientos reservados. Est\u00e1 previsto que el secretario de Servicios P\u00fablicos, Jorge M\u00e9ndez, realice la apertura de sobres para concursar por la obra.<\/p>\n<p>El microcentro de la ciudad tendr\u00e1 250 rampas nuevas para discapacitados, en tanto que otras 64, que se encontraban en mal estado, ser\u00e1n reparadas para recuperar su funcionalidad.<\/p>\n<p>Una vez comenzada, la intervenci\u00f3n demandar\u00e1 varios meses de trabajo, dado que el plazo de ejecuci\u00f3n es de 120 d\u00edas.<\/p>\n<p>En otro plano, se contempla que el proyecto puede ampliarse en una segunda etapa, para abarcar a sectores del macrocentro. En este sentido, se tendr\u00edan en cuenta los pedidos o reclamos que surjan de los vecinos, organizaciones no gubernamentales y otros.<\/p>\n<p>Pero, m\u00e1s all\u00e1 de esto, lo particular del caso es c\u00f3mo se financiar\u00e1. Las rampas ser\u00e1n costeadas con fondos que el Edecom recaud\u00f3 en concepto de cobro de multas a infractores de tr\u00e1nsito. Pero no por cualquier tipo de falta, sino espec\u00edficamente por las sanciones a quienes obstaculizan el acceso a las mismas.<\/p>\n<p>El Edecom aporta 850 mil pesos percibidos por la ejecuci\u00f3n de ese tipo de sanciones econ\u00f3micas a los conductores.<\/p>\n<p>Por su parte, el secretario de Servicios P\u00fablicos, Jorge M\u00e9ndez, explic\u00f3 que la intervenci\u00f3n forma parte de una serie de obras y de una pol\u00edtica que apunta a disminuir las barreras arquitect\u00f3nicas que presenta la ciudad para las personas con discapacidad. \u201cEsta tarea es un complemento de otras que viene desarrollando el Municipio en materia de inclusi\u00f3n por la discapacidad\u201d, apunt\u00f3.<\/p>\n<p>La elaboraci\u00f3n del proyecto cont\u00f3 con la participaci\u00f3n de la Defensor\u00eda del Pueblo y varias ONG de la ciudad, que el a\u00f1o pasado hab\u00edan realizado un relevamiento de accesibilidad en los sectores de mayor concentraci\u00f3n de p\u00fablico de R\u00edo Cuarto.<\/p>\n<p>La Defensor\u00eda del Pueblo relev\u00f3 en noviembre del 2014 la existencia de 143 rampas en las 25 manzanas que conforman el microcentro de la ciudad. En contrapartida, report\u00f3 que faltaban otras 57 en 36 esquinas.<\/p>\n<p>En t\u00e9rminos generales, el informe conclu\u00eda que, de la totalidad de las manzanas que conforman el microcentro, s\u00f3lo el 46 por ciento es realmente accesible.<\/p>\n<p>Vale tener en cuenta que seg\u00fan las ordenanzas vigentes -delimitado por la calle Fotheringam al Norte, Yrigoyen al Este, Bol\u00edvar al Sur y Cabrera al Oeste-, todo el sector deber\u00eda contar con rampas en buen estado desde 2005.<\/p>\n<p>Seg\u00fan surge del informe, para que sean eficaces debe haber dos rampas por esquina pero, de acuerdo a lo que planteaba el relevamiento, esto no se cumple en 21 esquinas.<\/p>\n<p>Asimismo, detall\u00f3 que 103 de estos elementos se encontraban en buen estado, mientras que 23 presentaban roturas pero a\u00fan son utilizables y 17 quedaron directamente inutilizables.<\/p>\n<p>Adem\u00e1s, se encontr\u00f3 que 32 rampas no tienen una medida adecuada para permitir el f\u00e1cil acceso de las personas con problemas de movilidad.<\/p>\n<p>\u201cTodo surge a partir del reclamo de los vecinos por el mal estado de las rampas y las veredas. Hicimos un trabajo conjunto con el \u00e1rea de Discapacidad, el secretario de Salud, Gabriel Abrile, el titular de Promoci\u00f3n Social, Gonzalo Parodi, algunos concejales y ONGs como la Fundaci\u00f3n Santiago Yuni. La Secretar\u00eda de Obras P\u00fablicas elabor\u00f3 el proyecto que ahora se va a concretar\u201d, se\u00f1al\u00f3 por su parte el defensor del Pueblo, Guillermo De Rivas.<\/p>\n<h6>Fuente: Puntal<\/h6>\n","protected":false},"excerpt":{"rendered":"<p>Se construir\u00e1n con $ 850 mil recaudados por el Edecom en multas a los que obstaculizan esos accesos o estacionamientos reservados. El Municipio las har\u00e1 en el microcentro: 250 nuevas y 60 se reparar\u00e1n El Municipio construir\u00e1 314 rampas para discapacitados en el sector del microcentro, y se pagar\u00e1n con 850 mil pesos que el<\/p>\n","protected":false},"author":2,"featured_media":34043,"comment_status":"closed","ping_status":"closed","sticky":false,"template":"","format":"standard","meta":{"footnotes":""},"categories":[2],"tags":[3],"class_list":["post-34042","post","type-post","status-publish","format-standard","has-post-thumbnail","hentry","category-informe-municipal","tag-cordoba"],"_links":{"self":[{"href":"http:\/\/argentinamunicipal.com.ar\/argentina\/wp-json\/wp\/v2\/posts\/34042","targetHints":{"allow":["GET"]}}],"collection":[{"href":"http:\/\/argentinamunicipal.com.ar\/argentina\/wp-json\/wp\/v2\/posts"}],"about":[{"href":"http:\/\/argentinamunicipal.com.ar\/argentina\/wp-json\/wp\/v2\/types\/post"}],"author":[{"embeddable":true,"href":"http:\/\/argentinamunicipal.com.ar\/argentina\/wp-json\/wp\/v2\/users\/2"}],"replies":[{"embeddable":true,"href":"http:\/\/argentinamunicipal.com.ar\/argentina\/wp-json\/wp\/v2\/comments?post=34042"}],"version-history":[{"count":0,"href":"http:\/\/argentinamunicipal.com.ar\/argentina\/wp-json\/wp\/v2\/posts\/34042\/revisions"}],"wp:featuredmedia":[{"embeddable":true,"href":"http:\/\/argentinamunicipal.com.ar\/argentina\/wp-json\/wp\/v2\/media\/34043"}],"wp:attachment":[{"href":"http:\/\/argentinamunicipal.com.ar\/argentina\/wp-json\/wp\/v2\/media?parent=34042"}],"wp:term":[{"taxonomy":"category","embeddable":true,"href":"http:\/\/argentinamunicipal.com.ar\/argentina\/wp-json\/wp\/v2\/categories?post=34042"},{"taxonomy":"post_tag","embeddable":true,"href":"http:\/\/argentinamunicipal.com.ar\/argentina\/wp-json\/wp\/v2\/tags?post=34042"}],"curies":[{"name":"wp","href":"https:\/\/api.w.org\/{rel}","templated":true}]}}