{"id":34126,"date":"2015-07-31T09:29:12","date_gmt":"2015-07-31T12:29:12","guid":{"rendered":"http:\/\/argentinamunicipal.com.ar\/argentina\/?p=34126"},"modified":"2015-07-31T09:29:12","modified_gmt":"2015-07-31T12:29:12","slug":"confirmaron-construccion-de-la-autovia-hasta-sunchales","status":"publish","type":"post","link":"http:\/\/argentinamunicipal.com.ar\/argentina\/confirmaron-construccion-de-la-autovia-hasta-sunchales\/","title":{"rendered":"Confirmaron construcci\u00f3n de la autov\u00eda hasta Sunchales"},"content":{"rendered":"<p><a href=\"http:\/\/argentinamunicipal.com.ar\/argentina\/wp-content\/uploads\/2015\/07\/1_opt.jpeg\"><img loading=\"lazy\" decoding=\"async\" class=\"aligncenter  wp-image-34127\" src=\"http:\/\/argentinamunicipal.com.ar\/argentina\/wp-content\/uploads\/2015\/07\/1_opt.jpeg\" alt=\"1_opt\" width=\"621\" height=\"415\" srcset=\"http:\/\/argentinamunicipal.com.ar\/argentina\/wp-content\/uploads\/2015\/07\/1_opt.jpeg 766w, http:\/\/argentinamunicipal.com.ar\/argentina\/wp-content\/uploads\/2015\/07\/1_opt-300x201.jpeg 300w\" sizes=\"auto, (max-width: 621px) 100vw, 621px\" \/><\/a><\/p>\n<p>En la tarde de ayer, desde el Municipio local se difundi\u00f3 una informaci\u00f3n de gran trascendencia. En tal sentido se puso de relieve que el pasado martes 28 de julio, el intendente municipal, Ezequiel Bolatti, y el presidente de ADESu, Javier Di Biase, junto a miembros de la agencia, recibieron la muy buena noticia que el Administrador General de la Direcci\u00f3n General de Vialidad, Ing. Nelson Periotti, ha firmado la norma pertinente por la que se asigna presupuesto para construir la segunda calzada sobre Ruta Nacional N\u00b0 34, en el tramo comprendido entre la intersecci\u00f3n con la Ruta Provincial N\u00b0 13 hasta Sunchales (entre los kil\u00f3metros 246,57 y 259,70), en el marco del proyecto de obra de la autov\u00eda de esta importante arteria nacional, seg\u00fan indica la Resoluci\u00f3n N\u00b0 1391\/15.<\/p>\n<p>En dicha norma se sentaron las bases para dar luz verde a la construcci\u00f3n de este tramo tan necesario de la autov\u00eda. Indudablemente que se haya avanzado en esta definici\u00f3n es primordial para luego dar comienzo a los detalles particulares, que no est\u00e1n contemplados en la planimetr\u00eda b\u00e1sica del trazado original de la Ruta.<\/p>\n<p>ADESu asumi\u00f3 la responsabilidad, con la empresa concesionaria Carretera Centrales de Argentina S.A., de organizar la reuni\u00f3n con todos los frentistas involucrados en la tercera semana de agosto, para as\u00ed agilizar todo lo posible los tr\u00e1mites y acuerdos que se deber\u00e1n llevar adelante para la ejecuci\u00f3n de la autov\u00eda. Este compromiso ser\u00eda imposible lograrlo sin la estrecha cooperaci\u00f3n de la Municipalidad de Sunchales.<\/p>\n<p>La fecha estimada de comienzo de obra, se defini\u00f3 para el 1 de octubre de 2015, realiz\u00e1ndose esta obra en paralelo a la que ya se est\u00e1 ejecutando en el tramo de Ang\u00e9lica hasta la intersecci\u00f3n con la Ruta N\u00ba13. La realizaci\u00f3n de este tramo, podr\u00eda demandar aproximadamente, tres a\u00f1os de ejecuci\u00f3n, dependiendo esto de la fluidez de los desembolsos econ\u00f3micos.<\/p>\n<h6>Fuente: La Opini\u00f3n<\/h6>\n","protected":false},"excerpt":{"rendered":"<p>En la tarde de ayer, desde el Municipio local se difundi\u00f3 una informaci\u00f3n de gran trascendencia. En tal sentido se puso de relieve que el pasado martes 28 de julio, el intendente municipal, Ezequiel Bolatti, y el presidente de ADESu, Javier Di Biase, junto a miembros de la agencia, recibieron la muy buena noticia que<\/p>\n","protected":false},"author":2,"featured_media":34127,"comment_status":"closed","ping_status":"closed","sticky":false,"template":"","format":"standard","meta":{"footnotes":""},"categories":[2],"tags":[10],"class_list":["post-34126","post","type-post","status-publish","format-standard","has-post-thumbnail","hentry","category-informe-municipal","tag-santa-fe"],"_links":{"self":[{"href":"http:\/\/argentinamunicipal.com.ar\/argentina\/wp-json\/wp\/v2\/posts\/34126","targetHints":{"allow":["GET"]}}],"collection":[{"href":"http:\/\/argentinamunicipal.com.ar\/argentina\/wp-json\/wp\/v2\/posts"}],"about":[{"href":"http:\/\/argentinamunicipal.com.ar\/argentina\/wp-json\/wp\/v2\/types\/post"}],"author":[{"embeddable":true,"href":"http:\/\/argentinamunicipal.com.ar\/argentina\/wp-json\/wp\/v2\/users\/2"}],"replies":[{"embeddable":true,"href":"http:\/\/argentinamunicipal.com.ar\/argentina\/wp-json\/wp\/v2\/comments?post=34126"}],"version-history":[{"count":0,"href":"http:\/\/argentinamunicipal.com.ar\/argentina\/wp-json\/wp\/v2\/posts\/34126\/revisions"}],"wp:featuredmedia":[{"embeddable":true,"href":"http:\/\/argentinamunicipal.com.ar\/argentina\/wp-json\/wp\/v2\/media\/34127"}],"wp:attachment":[{"href":"http:\/\/argentinamunicipal.com.ar\/argentina\/wp-json\/wp\/v2\/media?parent=34126"}],"wp:term":[{"taxonomy":"category","embeddable":true,"href":"http:\/\/argentinamunicipal.com.ar\/argentina\/wp-json\/wp\/v2\/categories?post=34126"},{"taxonomy":"post_tag","embeddable":true,"href":"http:\/\/argentinamunicipal.com.ar\/argentina\/wp-json\/wp\/v2\/tags?post=34126"}],"curies":[{"name":"wp","href":"https:\/\/api.w.org\/{rel}","templated":true}]}}