{"id":34201,"date":"2015-08-01T10:03:21","date_gmt":"2015-08-01T13:03:21","guid":{"rendered":"http:\/\/argentinamunicipal.com.ar\/argentina\/?p=34201"},"modified":"2015-08-01T10:03:21","modified_gmt":"2015-08-01T13:03:21","slug":"se-declaro-a-rosario-ciudad-capital-del-maraton","status":"publish","type":"post","link":"http:\/\/argentinamunicipal.com.ar\/argentina\/se-declaro-a-rosario-ciudad-capital-del-maraton\/","title":{"rendered":"Se declar\u00f3 a Rosario Ciudad Capital del Marat\u00f3n"},"content":{"rendered":"<div id=\"attachment_34202\" style=\"width: 653px\" class=\"wp-caption aligncenter\"><a href=\"http:\/\/argentinamunicipal.com.ar\/argentina\/wp-content\/uploads\/2015\/08\/media-maraton-adidas.jpg\"><img loading=\"lazy\" decoding=\"async\" aria-describedby=\"caption-attachment-34202\" class=\" wp-image-34202\" src=\"http:\/\/argentinamunicipal.com.ar\/argentina\/wp-content\/uploads\/2015\/08\/media-maraton-adidas.jpg\" alt=\"Telam Rosario, 08\/05\/11: Vista de la largada de la Media Marat\u00f3n Adidas &quot;Rosario21 K&quot; realizada esta ma\u00f1ana en las inmediaciones del Monumento a la Bandera.Foto:prensa Adidas\/Telam\/cf\" width=\"643\" height=\"460\" srcset=\"http:\/\/argentinamunicipal.com.ar\/argentina\/wp-content\/uploads\/2015\/08\/media-maraton-adidas.jpg 800w, http:\/\/argentinamunicipal.com.ar\/argentina\/wp-content\/uploads\/2015\/08\/media-maraton-adidas-300x215.jpg 300w\" sizes=\"auto, (max-width: 643px) 100vw, 643px\" \/><\/a><p id=\"caption-attachment-34202\" class=\"wp-caption-text\">Telam Rosario, 08\/05\/11: Vista de la largada de la Media Marat\u00f3n Adidas \u00abRosario21 K\u00bb realizada esta ma\u00f1ana en las inmediaciones del Monumento a la Bandera.Foto:prensa Adidas\/Telam\/cf<\/p><\/div>\n<p>El Concejo rosarino ha declarado ayer jueves 30 de julio) a Rosario como \u201cCapital Provincial del Marat\u00f3n\u201d, por iniciativa del edil del Partido Dem\u00f3crata Progresista, Aldo Pedro Poy<\/p>\n<p>Asimismo se declar\u00f3 a Susana Marta Sarco \u201cDeportista Distinguida\u201d de la ciudad, quien esIntegrante del C\u00edrculo Rosarino de Atletas Veteranos (CRAV), en consideraci\u00f3n a sus destacados logros obtenidos siendo Campeona Nacional y Sudamericana en distintas pruebas.<\/p>\n<p><strong>Maratones<\/strong><\/p>\n<p>En momentos donde en Rosario se promociona la actividad deportiva en relaci\u00f3n con el cuidado de la salud, y en ese orden se corren en la \u00a0ciudad, aproximadamente \u00a028 \u00a0maratones, (11\u00ba Edici\u00f3n Marat\u00f3n Nocturna 10 k Sonder, \u00a05K de la Mujer Nativa; \u00a01\u00b0 Marat\u00f3n 10K Saladillo, \u00a0Carrera Unicef por la Educaci\u00f3n; Marat\u00f3n Internacional de la Bandera; Media marat\u00f3n Puente Rosario, Marat\u00f3n Aniversario NOB; Marat\u00f3n \u00a0Aniversario Club Atl\u00e9tico Rosario Central, entre otras), hoy el Concejo, ha declarado a la ciudad como Capital Provincial del Marat\u00f3n. \u201dEste tipo de eventos relacionados al deporte, merece ser destacado y mas siendo Rosario, una de las ciudades m\u00e1s pobladas de Argentina despu\u00e9s de Buenos Aires \u00a0y que constituye un importante centro cultural, econ\u00f3mico, educativo, financiero y de entretenimiento\u201d, destac\u00f3 Poy<\/p>\n<p>En tanto, en las cercan\u00edas a Rosario tambi\u00e9n se corren diversas maratones: Arroyo Corre 10K; 3\u00ba Marat\u00f3n Pto. General San Mart\u00edn; \u00a0Marat\u00f3n Homenaje A Ddelfor Cabrera \u2013 Armstrong, entre otras<\/p>\n<p>\u201cEs una regi\u00f3n donde la actividad cobra gran importancia y donde demuestra el vuelco de la gente al deporte, la actividad f\u00edsica y a su cuidado tanto f\u00edsico como mental\u201d, dijo el concejal del PDP<\/p>\n<h6>Fuente: Sin Mordaza<\/h6>\n","protected":false},"excerpt":{"rendered":"<p>El Concejo rosarino ha declarado ayer jueves 30 de julio) a Rosario como \u201cCapital Provincial del Marat\u00f3n\u201d, por iniciativa del edil del Partido Dem\u00f3crata Progresista, Aldo Pedro Poy Asimismo se declar\u00f3 a Susana Marta Sarco \u201cDeportista Distinguida\u201d de la ciudad, quien esIntegrante del C\u00edrculo Rosarino de Atletas Veteranos (CRAV), en consideraci\u00f3n a sus destacados logros<\/p>\n","protected":false},"author":2,"featured_media":34202,"comment_status":"closed","ping_status":"closed","sticky":false,"template":"","format":"standard","meta":{"footnotes":""},"categories":[2],"tags":[10],"class_list":["post-34201","post","type-post","status-publish","format-standard","has-post-thumbnail","hentry","category-informe-municipal","tag-santa-fe"],"_links":{"self":[{"href":"http:\/\/argentinamunicipal.com.ar\/argentina\/wp-json\/wp\/v2\/posts\/34201","targetHints":{"allow":["GET"]}}],"collection":[{"href":"http:\/\/argentinamunicipal.com.ar\/argentina\/wp-json\/wp\/v2\/posts"}],"about":[{"href":"http:\/\/argentinamunicipal.com.ar\/argentina\/wp-json\/wp\/v2\/types\/post"}],"author":[{"embeddable":true,"href":"http:\/\/argentinamunicipal.com.ar\/argentina\/wp-json\/wp\/v2\/users\/2"}],"replies":[{"embeddable":true,"href":"http:\/\/argentinamunicipal.com.ar\/argentina\/wp-json\/wp\/v2\/comments?post=34201"}],"version-history":[{"count":0,"href":"http:\/\/argentinamunicipal.com.ar\/argentina\/wp-json\/wp\/v2\/posts\/34201\/revisions"}],"wp:featuredmedia":[{"embeddable":true,"href":"http:\/\/argentinamunicipal.com.ar\/argentina\/wp-json\/wp\/v2\/media\/34202"}],"wp:attachment":[{"href":"http:\/\/argentinamunicipal.com.ar\/argentina\/wp-json\/wp\/v2\/media?parent=34201"}],"wp:term":[{"taxonomy":"category","embeddable":true,"href":"http:\/\/argentinamunicipal.com.ar\/argentina\/wp-json\/wp\/v2\/categories?post=34201"},{"taxonomy":"post_tag","embeddable":true,"href":"http:\/\/argentinamunicipal.com.ar\/argentina\/wp-json\/wp\/v2\/tags?post=34201"}],"curies":[{"name":"wp","href":"https:\/\/api.w.org\/{rel}","templated":true}]}}