{"id":34223,"date":"2015-08-01T10:38:42","date_gmt":"2015-08-01T13:38:42","guid":{"rendered":"http:\/\/argentinamunicipal.com.ar\/argentina\/?p=34223"},"modified":"2015-08-01T10:38:42","modified_gmt":"2015-08-01T13:38:42","slug":"en-entre-rios-destinan-460-millones-de-pesos-para-obras-electricas","status":"publish","type":"post","link":"http:\/\/argentinamunicipal.com.ar\/argentina\/en-entre-rios-destinan-460-millones-de-pesos-para-obras-electricas\/","title":{"rendered":"En Entre R\u00edos destinan 460 millones de pesos para obras el\u00e9ctricas"},"content":{"rendered":"<p><a href=\"http:\/\/argentinamunicipal.com.ar\/argentina\/wp-content\/uploads\/2015\/08\/3-2.jpg\"><img loading=\"lazy\" decoding=\"async\" class=\"aligncenter  wp-image-34224\" src=\"http:\/\/argentinamunicipal.com.ar\/argentina\/wp-content\/uploads\/2015\/08\/3-2.jpg\" alt=\"3-2\" width=\"630\" height=\"420\" srcset=\"http:\/\/argentinamunicipal.com.ar\/argentina\/wp-content\/uploads\/2015\/08\/3-2.jpg 900w, http:\/\/argentinamunicipal.com.ar\/argentina\/wp-content\/uploads\/2015\/08\/3-2-300x200.jpg 300w\" sizes=\"auto, (max-width: 630px) 100vw, 630px\" \/><\/a><br \/>\nSon unas 2.000 mejoras del sistema financiadas por la Naci\u00f3n para igualar las condiciones de accesibilidad al servicio. Forma parte del programa por el que las provincias no suben las tarifas<\/p>\n<p>A trav\u00e9s de un convenio suscrito entre el Ministerio de Planificaci\u00f3n Federal y el \u00a0gobierno de Entre R\u00edos, la provincia lleva adelante \u00a01.643 obras de distribuci\u00f3n el\u00e9ctrica en el marco del Programa de Convergencia de las Tarifas El\u00e9ctricas, con una inversi\u00f3n cercana a los 460 millones de pesos durante 2014 y lo que va de 2015. Los datos surgen de un informe difundido ayer desde la Secretar\u00eda de Energ\u00eda. Se prev\u00e9 que antes de fin de a\u00f1o se terminen de ejecutar 400 obras que est\u00e1n en curso.<\/p>\n<p>\u201cEs un programa realmente inclusivo, profundamente federal que tiene la virtud de igualar las condiciones de accesibilidad al servicio a todos los sectores de la sociedad, equilibrando desigualdades e incorporando mejores condiciones para la producci\u00f3n y la industria\u201d, explic\u00f3 el ingeniero Ra\u00fal Arroyo, secretario de Energ\u00eda de la Provincia.<\/p>\n<p>\u201cHa funcionado en forma coordinada tanto de Naci\u00f3n como de la Provincia, gracias a exhaustivos seguimientos, controles y auditor\u00edas permanentes para el cumplimiento de las obras pautadas. Estamos muy satisfechos y vemos de qu\u00e9 manera las obras van mejorando sustancialmente la prestaci\u00f3n del servicio el\u00e9ctrico hasta en los rincones m\u00e1s alejados de la provincia\u201d, enfatiz\u00f3 el funcionario.<\/p>\n<p>Con la premisa de lograr un esquema de precios de la energ\u00eda que propicie el acceso universal al servicio, la mejora en la calidad de vida, el empleo, el consumo interno y la competitividad de la industria, la Naci\u00f3n aporta los fondos destinados espec\u00edficamente a obras de distribuci\u00f3n el\u00e9ctrica en \u00a0Entre R\u00edos y la Provincia se compromete a retrotraer y a mantener sin modificaciones las tarifas el\u00e9ctricas vigentes al 31 de diciembre de 2013.<\/p>\n<p>El convenio tambi\u00e9n promueve estimular \u00a0las econom\u00edas regionales y sectores m\u00e1s postergados y aislados. \u00a0Desde \u00a0la empresa de Energ\u00eda de Entre R\u00edos Sociedad An\u00f3nima (Enersa) , el gerente administrativo de Finanzas y Log\u00edstica, Mario Quiroga, inform\u00f3: \u201cDel total de la inversi\u00f3n en obras, 322 millones fueron ejecutados por Enersa, es decir un 70% y el resto, unos 138 millones son realizadas por las cooperativas el\u00e9ctricas de la provincia trav\u00e9s de la Coordinaci\u00f3n de Cooperativas de la Secretar\u00eda de Energ\u00eda\u201d.<\/p>\n<p>Quiroga detall\u00f3 que las obras contemplan una diversidad de trabajos en toda la provincia. \u201cApuntamos a llevar y garantizar energ\u00eda el\u00e9ctrica \u00a0tanto a sectores residenciales como de la producci\u00f3n, asumiendo la obligaci\u00f3n y necesidad de abastecer a los usuarios del servicio el\u00e9ctrico en cantidad y calidad\u201d, destac\u00f3. Por otra parte, fueron las 18 cooperativas el\u00e9ctricas de la provincias beneficiadas por este programa, seg\u00fan se\u00f1al\u00f3 la coordinadora de Cooperativas de la Secretar\u00eda, Ana Quinteros Fageti.<\/p>\n<h6>Fuente: Uno, Entre R\u00edos<\/h6>\n","protected":false},"excerpt":{"rendered":"<p>Son unas 2.000 mejoras del sistema financiadas por la Naci\u00f3n para igualar las condiciones de accesibilidad al servicio. Forma parte del programa por el que las provincias no suben las tarifas A trav\u00e9s de un convenio suscrito entre el Ministerio de Planificaci\u00f3n Federal y el \u00a0gobierno de Entre R\u00edos, la provincia lleva adelante \u00a01.643 obras<\/p>\n","protected":false},"author":2,"featured_media":34224,"comment_status":"closed","ping_status":"closed","sticky":false,"template":"","format":"standard","meta":{"footnotes":""},"categories":[2],"tags":[17],"class_list":["post-34223","post","type-post","status-publish","format-standard","has-post-thumbnail","hentry","category-informe-municipal","tag-entre-rios"],"_links":{"self":[{"href":"http:\/\/argentinamunicipal.com.ar\/argentina\/wp-json\/wp\/v2\/posts\/34223","targetHints":{"allow":["GET"]}}],"collection":[{"href":"http:\/\/argentinamunicipal.com.ar\/argentina\/wp-json\/wp\/v2\/posts"}],"about":[{"href":"http:\/\/argentinamunicipal.com.ar\/argentina\/wp-json\/wp\/v2\/types\/post"}],"author":[{"embeddable":true,"href":"http:\/\/argentinamunicipal.com.ar\/argentina\/wp-json\/wp\/v2\/users\/2"}],"replies":[{"embeddable":true,"href":"http:\/\/argentinamunicipal.com.ar\/argentina\/wp-json\/wp\/v2\/comments?post=34223"}],"version-history":[{"count":0,"href":"http:\/\/argentinamunicipal.com.ar\/argentina\/wp-json\/wp\/v2\/posts\/34223\/revisions"}],"wp:featuredmedia":[{"embeddable":true,"href":"http:\/\/argentinamunicipal.com.ar\/argentina\/wp-json\/wp\/v2\/media\/34224"}],"wp:attachment":[{"href":"http:\/\/argentinamunicipal.com.ar\/argentina\/wp-json\/wp\/v2\/media?parent=34223"}],"wp:term":[{"taxonomy":"category","embeddable":true,"href":"http:\/\/argentinamunicipal.com.ar\/argentina\/wp-json\/wp\/v2\/categories?post=34223"},{"taxonomy":"post_tag","embeddable":true,"href":"http:\/\/argentinamunicipal.com.ar\/argentina\/wp-json\/wp\/v2\/tags?post=34223"}],"curies":[{"name":"wp","href":"https:\/\/api.w.org\/{rel}","templated":true}]}}