{"id":34292,"date":"2015-08-03T09:15:06","date_gmt":"2015-08-03T12:15:06","guid":{"rendered":"http:\/\/argentinamunicipal.com.ar\/argentina\/?p=34292"},"modified":"2015-08-03T09:15:06","modified_gmt":"2015-08-03T12:15:06","slug":"la-intendenta-de-rosario-propone-un-sitio-historico-y-de-recuerdo-para-las-victimas-de-salta-2141","status":"publish","type":"post","link":"http:\/\/argentinamunicipal.com.ar\/argentina\/la-intendenta-de-rosario-propone-un-sitio-historico-y-de-recuerdo-para-las-victimas-de-salta-2141\/","title":{"rendered":"La Intendenta de Rosario propone un sitio \u00abhist\u00f3rico y de recuerdo\u00bb para las v\u00edctimas de Salta 2141"},"content":{"rendered":"<div id=\"attachment_34293\" style=\"width: 634px\" class=\"wp-caption aligncenter\"><a href=\"http:\/\/argentinamunicipal.com.ar\/argentina\/wp-content\/uploads\/2015\/08\/salta2141-624x327.jpg\"><img loading=\"lazy\" decoding=\"async\" aria-describedby=\"caption-attachment-34293\" class=\"size-full wp-image-34293\" src=\"http:\/\/argentinamunicipal.com.ar\/argentina\/wp-content\/uploads\/2015\/08\/salta2141-624x327.jpg\" alt=\"La iniciativa de la mandataria local apunta a establecer indicadores constructivos espec\u00edficos. El anteproyecto busca delimitar la altura m\u00e1xima a unos 13 metros.\" width=\"624\" height=\"327\" srcset=\"http:\/\/argentinamunicipal.com.ar\/argentina\/wp-content\/uploads\/2015\/08\/salta2141-624x327.jpg 624w, http:\/\/argentinamunicipal.com.ar\/argentina\/wp-content\/uploads\/2015\/08\/salta2141-624x327-300x157.jpg 300w\" sizes=\"auto, (max-width: 624px) 100vw, 624px\" \/><\/a><p id=\"caption-attachment-34293\" class=\"wp-caption-text\">La iniciativa de la mandataria local apunta a establecer indicadores constructivos espec\u00edficos. El anteproyecto busca delimitar la altura m\u00e1xima a unos 13 metros.<\/p><\/div>\n<p>La intendenta enviar\u00e1 una propuesta al Concejo para delimitar nuevos usos para el predio que ocupaban las tres torres siniestradas.\u00a0La iniciativa llegar\u00e1 en los pr\u00f3ximos d\u00edas al Palacio Vasallo.<\/p>\n<p>La intendenta M\u00f3nica Fein presentar\u00e1 en el Concejo una propuesta para estipular alturas y delimitar nuevos uso para la manzana de Salta al 2100, donde hace dos a\u00f1os sucedi\u00f3 una de las tragedias m\u00e1s dolorosas que atraves\u00f3 la ciudad. El objetivo es convertir el terreno que ocupaban las tres torres siniestradas en un \u00absitio hist\u00f3rico y de recuerdo\u00bb, tal como reclaman los familiares de las v\u00edctimas fatales de la explosi\u00f3n que se cobr\u00f3 la vida de 22 personas y otras 60 resultaron heridas.<\/p>\n<p>La iniciativa, cuyos detalles a\u00fan se est\u00e1n terminando de definir, llegar\u00e1 en los pr\u00f3ximos d\u00edas al Palacio Vasallo, casi acompa\u00f1ando el segundo aniversario del incidente que se conmemorar\u00e1 el pr\u00f3ximo jueves.<\/p>\n<p>Y, seg\u00fan explic\u00f3 la intendenta, el proyecto apunta a respetar el espacio, hoy transformado en un bald\u00edo, e intervenirlo con la intenci\u00f3n de promover actividades culturales, sociales educativas, de formaci\u00f3n y capacitaci\u00f3n.<\/p>\n<p>\u00abHemos tenido reuniones con los familiares de las v\u00edctimas, vecinos, hemos trabajado junto a diferentes dependencias de la Municipalidad de Rosario, y funcionarios provinciales. El futuro de este espacio debe ser pensado en forma conjunta, y con la participaci\u00f3n real de todos los involucrados\u00bb, se\u00f1al\u00f3 la intendenta.<\/p>\n<p><strong>De recuerdo.<\/strong> El anteproyecto de ordenanza, apunta a que ese lugar sea considerado como \u00absitio hist\u00f3rico y de recuerdo\u00bb y estipula que la utilizaci\u00f3n del espacio y el dise\u00f1o de nuevas arquitecturas \u00abdebe estar acordes con el car\u00e1cter de respeto y consideraci\u00f3n que los sucesos ameritan\u00bb.<\/p>\n<p>Se trata de una primera propuesta para que los usos est\u00e9n vinculados a resignificar este espacio hacia funciones que ayuden a transitar el dolor colectivo que sufri\u00f3 la ciudad.<\/p>\n<p>\u00abTenemos que encontrar la manera de transformar este lugar con respeto, debemos proponer nuevos usos acordes al significado del sitio, y es por eso que debemos presentar esta proyecto al Concejo para que adecuen los indicadores urban\u00edsticos vigente\u00bb, se\u00f1alo M\u00f3nica Fein.<\/p>\n<p>La ordenanza pretende \u00abestablecer indicadores espec\u00edficos tendientes a transformar el lote en un espacio construido, con caracter\u00edsticas y usos acordes al respeto que las v\u00edctimas merecen\u00bb, agregaron desde el Ejecutivo. Y a su vez, fija delimitar la altura m\u00e1xima a unos 13 metros.<\/p>\n<p>\u00abEs un primer paso, s\u00e9 que es desaf\u00edo muy grande proyectar juntos este lugar pero sin duda nos habilita la posibilidad de reflexionar y pensar en el futuro desde la construcci\u00f3n colectiva\u00bb, sostuvo la intendenta.<\/p>\n<p><strong>Un largo pedido<\/strong>. Meses despu\u00e9s de la tragedia que enlut\u00f3 la ciudad, un grupo de familiares de las v\u00edctimas fatales que dej\u00f3 el siniestro presentaron un proyecto para convertir los lotes de Salta 2141 en un espacio p\u00fablico de homenaje a quienes perdieron su vida en la explosi\u00f3n.<\/p>\n<p>El lugar, proyectaban, servir\u00eda para coordinar actividades solidarias para asistir en situaciones de emergencia y brindar tambi\u00e9n asesoramiento legal y psicol\u00f3gico a sus v\u00edctimas.<\/p>\n<p>A mediados de junio del a\u00f1o pasado, el Concejo Municipal aprob\u00f3 por unanimidad la declaraci\u00f3n de inter\u00e9s p\u00fablico del terreno de Salta 2141.<\/p>\n<p>La medida fue presentada como un primer paso para avanzar en la expropiaci\u00f3n de los terrenos. \u00abLa idea es fundar un \u00e1mbito que combine una plaza verde con un espacio vinculado a la vida y al ejercicio de la memoria, en donde tambi\u00e9n se realicen diversos eventos solidarios\u00bb, explic\u00f3 en ese momento la edila Mar\u00eda Eugenia Schmuck, quien impuls\u00f3 la iniciativa junto con los familiares de las v\u00edctimas.<\/p>\n<p>La propuesta fue presentada un mes despu\u00e9s en la Legislatura provincial por la diputada santafesina del PRO, Alejandra Vucasovich. El proyecto propone declarar de utilidad p\u00fablica y sujeto a expropiaci\u00f3n el lote de Salta 2141 para destinarlo a la creaci\u00f3n de un espacio p\u00fablico en homenaje a las v\u00edctimas, como tambi\u00e9n para la realizaci\u00f3n de \u00abactividades tendientes a preservar la memoria y consolidar los valores inherentes a la vida, la paz y la solidaridad\u00bb.<\/p>\n<p>Sin embargo, por entonces, el gobernador Antonio Bonfatti desestim\u00f3 la idea de expropiar el predio. Fue despu\u00e9s de recibir una carta con la firma de 200 propietarios de departamentos afectados por el derrumbe donde expresaban su desacuerdo con que all\u00ed se haga un memorial.<\/p>\n<p>A tres d\u00edas de un nuevo aniversario de la tragedia, el Concejo volver\u00e1 a discutir sobre el futuro de esos terrenos.<\/p>\n<h6>Fuente: La Capital, Rosario<\/h6>\n","protected":false},"excerpt":{"rendered":"<p>La intendenta enviar\u00e1 una propuesta al Concejo para delimitar nuevos usos para el predio que ocupaban las tres torres siniestradas.\u00a0La iniciativa llegar\u00e1 en los pr\u00f3ximos d\u00edas al Palacio Vasallo. La intendenta M\u00f3nica Fein presentar\u00e1 en el Concejo una propuesta para estipular alturas y delimitar nuevos uso para la manzana de Salta al 2100, donde hace<\/p>\n","protected":false},"author":2,"featured_media":34293,"comment_status":"closed","ping_status":"closed","sticky":false,"template":"","format":"standard","meta":{"footnotes":""},"categories":[2],"tags":[10],"class_list":["post-34292","post","type-post","status-publish","format-standard","has-post-thumbnail","hentry","category-informe-municipal","tag-santa-fe"],"_links":{"self":[{"href":"http:\/\/argentinamunicipal.com.ar\/argentina\/wp-json\/wp\/v2\/posts\/34292","targetHints":{"allow":["GET"]}}],"collection":[{"href":"http:\/\/argentinamunicipal.com.ar\/argentina\/wp-json\/wp\/v2\/posts"}],"about":[{"href":"http:\/\/argentinamunicipal.com.ar\/argentina\/wp-json\/wp\/v2\/types\/post"}],"author":[{"embeddable":true,"href":"http:\/\/argentinamunicipal.com.ar\/argentina\/wp-json\/wp\/v2\/users\/2"}],"replies":[{"embeddable":true,"href":"http:\/\/argentinamunicipal.com.ar\/argentina\/wp-json\/wp\/v2\/comments?post=34292"}],"version-history":[{"count":0,"href":"http:\/\/argentinamunicipal.com.ar\/argentina\/wp-json\/wp\/v2\/posts\/34292\/revisions"}],"wp:featuredmedia":[{"embeddable":true,"href":"http:\/\/argentinamunicipal.com.ar\/argentina\/wp-json\/wp\/v2\/media\/34293"}],"wp:attachment":[{"href":"http:\/\/argentinamunicipal.com.ar\/argentina\/wp-json\/wp\/v2\/media?parent=34292"}],"wp:term":[{"taxonomy":"category","embeddable":true,"href":"http:\/\/argentinamunicipal.com.ar\/argentina\/wp-json\/wp\/v2\/categories?post=34292"},{"taxonomy":"post_tag","embeddable":true,"href":"http:\/\/argentinamunicipal.com.ar\/argentina\/wp-json\/wp\/v2\/tags?post=34292"}],"curies":[{"name":"wp","href":"https:\/\/api.w.org\/{rel}","templated":true}]}}