{"id":34299,"date":"2015-08-03T09:28:21","date_gmt":"2015-08-03T12:28:21","guid":{"rendered":"http:\/\/argentinamunicipal.com.ar\/argentina\/?p=34299"},"modified":"2015-08-08T11:12:38","modified_gmt":"2015-08-08T14:12:38","slug":"fam-buscan-que-los-intendentes-electos-por-primera-vez-lleguen-capacitados-al-cargo","status":"publish","type":"post","link":"http:\/\/argentinamunicipal.com.ar\/argentina\/fam-buscan-que-los-intendentes-electos-por-primera-vez-lleguen-capacitados-al-cargo\/","title":{"rendered":"FAM: Buscan que los intendentes electos por primera vez lleguen \u00abcapacitados\u00bb al cargo"},"content":{"rendered":"<p>Ser\u00eda a trav\u00e9s de cursos y seminarios que se dictar\u00edan en la Federaci\u00f3n Argentina de Municipios, entre octubre y diciembre, aunque no ser\u00edan obligatorios.<\/p>\n<p>Una novedosa propuesta de la Federaci\u00f3n Argentina de Municipios busca que los intendentes que accedan por primera vez al cargo en las elecciones de este a\u00f1o se sometan a \u201ccapacitaciones\u201d a modo de cursos y seminarios. \u201cQueremos formar los cargos que ganen las elecciones antes de que asuman\u201d, dijo Pereyra, titular del organismo.<\/p>\n<p>\u201cEn el a\u00f1o 97, despu\u00e9s de varios a\u00f1os, me entero que exist\u00eda el tribunal de cuentas, hab\u00eda informaciones t\u00e9cnicas que no conoc\u00eda\u201d, cont\u00f3 el Jefe Comunal a t\u00edtulo personal. Los cursos, agreg\u00f3, tendr\u00edan el objeto de que los nuevos intendentes \u201cno se choquen como nos chocamos nosotros\u201d.<\/p>\n<p>Si bien la Federaci\u00f3n realiza permanentemente seminarios y capacitaciones -este a\u00f1o llev\u00f3 a cabo 14-, la idea ser\u00eda novedosa. En pa\u00edses como China, explic\u00f3 Pereyra a Intendentes, en la pantalla de QM noticias, esto tiene car\u00e1cter obligatorio.<\/p>\n<h6>Fuente: InfoCielo<\/h6>\n","protected":false},"excerpt":{"rendered":"<p>Ser\u00eda a trav\u00e9s de cursos y seminarios que se dictar\u00edan en la Federaci\u00f3n Argentina de Municipios, entre octubre y diciembre, aunque no ser\u00edan obligatorios.<\/p>\n","protected":false},"author":2,"featured_media":34300,"comment_status":"closed","ping_status":"closed","sticky":false,"template":"","format":"standard","meta":{"footnotes":""},"categories":[4],"tags":[21],"class_list":["post-34299","post","type-post","status-publish","format-standard","has-post-thumbnail","hentry","category-informe-politico","tag-argentina"],"_links":{"self":[{"href":"http:\/\/argentinamunicipal.com.ar\/argentina\/wp-json\/wp\/v2\/posts\/34299","targetHints":{"allow":["GET"]}}],"collection":[{"href":"http:\/\/argentinamunicipal.com.ar\/argentina\/wp-json\/wp\/v2\/posts"}],"about":[{"href":"http:\/\/argentinamunicipal.com.ar\/argentina\/wp-json\/wp\/v2\/types\/post"}],"author":[{"embeddable":true,"href":"http:\/\/argentinamunicipal.com.ar\/argentina\/wp-json\/wp\/v2\/users\/2"}],"replies":[{"embeddable":true,"href":"http:\/\/argentinamunicipal.com.ar\/argentina\/wp-json\/wp\/v2\/comments?post=34299"}],"version-history":[{"count":0,"href":"http:\/\/argentinamunicipal.com.ar\/argentina\/wp-json\/wp\/v2\/posts\/34299\/revisions"}],"wp:featuredmedia":[{"embeddable":true,"href":"http:\/\/argentinamunicipal.com.ar\/argentina\/wp-json\/wp\/v2\/media\/34300"}],"wp:attachment":[{"href":"http:\/\/argentinamunicipal.com.ar\/argentina\/wp-json\/wp\/v2\/media?parent=34299"}],"wp:term":[{"taxonomy":"category","embeddable":true,"href":"http:\/\/argentinamunicipal.com.ar\/argentina\/wp-json\/wp\/v2\/categories?post=34299"},{"taxonomy":"post_tag","embeddable":true,"href":"http:\/\/argentinamunicipal.com.ar\/argentina\/wp-json\/wp\/v2\/tags?post=34299"}],"curies":[{"name":"wp","href":"https:\/\/api.w.org\/{rel}","templated":true}]}}