{"id":34314,"date":"2015-08-03T10:03:38","date_gmt":"2015-08-03T13:03:38","guid":{"rendered":"http:\/\/argentinamunicipal.com.ar\/argentina\/?p=34314"},"modified":"2015-08-03T10:03:38","modified_gmt":"2015-08-03T13:03:38","slug":"legisladores-del-parlasur-la-novedad-en-los-proximos-comicios-nacionales","status":"publish","type":"post","link":"http:\/\/argentinamunicipal.com.ar\/argentina\/legisladores-del-parlasur-la-novedad-en-los-proximos-comicios-nacionales\/","title":{"rendered":"Legisladores del Parlasur, la novedad en los pr\u00f3ximos comicios nacionales"},"content":{"rendered":"<p><a href=\"http:\/\/argentinamunicipal.com.ar\/argentina\/wp-content\/uploads\/2015\/08\/pura-parlasur-670x400.jpg\"><img loading=\"lazy\" decoding=\"async\" class=\"aligncenter size-full wp-image-34315\" src=\"http:\/\/argentinamunicipal.com.ar\/argentina\/wp-content\/uploads\/2015\/08\/pura-parlasur-670x400.jpg\" alt=\"pura-parlasur-670x400\" width=\"670\" height=\"400\" srcset=\"http:\/\/argentinamunicipal.com.ar\/argentina\/wp-content\/uploads\/2015\/08\/pura-parlasur-670x400.jpg 670w, http:\/\/argentinamunicipal.com.ar\/argentina\/wp-content\/uploads\/2015\/08\/pura-parlasur-670x400-300x179.jpg 300w\" sizes=\"auto, (max-width: 670px) 100vw, 670px\" \/><\/a><br \/>\nLos comicios de este a\u00f1o tendr\u00e1n como principal novedad la elecci\u00f3n de diputados para el Parlamento del Mercosur, con el objetivo de consolidar la democracia en la regi\u00f3n y fortalecer la participaci\u00f3n ciudadana en la elecci\u00f3n directa de sus representantes.<\/p>\n<p>En las primarias del 9 de agosto y los comicios generales del 25 de octubre, los electores se encontrar\u00e1n con dos boletas extras, ya que se elegir\u00e1n 19 diputados del Mercosur por el distrito nacional y a 24 parlamentarios por las provincias y la ciudad de Buenos Aires, tal como fue aprobado por el Senado el 29 de diciembre del a\u00f1o pasado.<\/p>\n<p>Cada fuerza o frente presentar\u00e1 en su boleta una lista de candidatos a parlamentarios del Mercosur a nivel nacional (la misma en todo el pa\u00ed\u00ads); es decir por distrito \u00fanico, y los 43 integrantes se definir\u00e1n proporcionalmente a los resultados logrados, a trav\u00e9s del sistema D&#8217;Hont.<\/p>\n<p>La elecci\u00f3n de los nuevos representantes ser\u00e1 a trav\u00e9s del voto directo de los ciudadanos, un cambio importante ya que hasta ahora quienes tienen esa representaci\u00f3n son miembros del Congreso Nacional, elegidos por cada una de las dos c\u00e1maras.<\/p>\n<p>Con una fuerte apuesta pol\u00edtica, el gobierno y la oposici\u00f3n ya definieron la lista de candidatos que participar\u00e1n en esas elecciones, con la promoci\u00f3n de dirigentes de primera l\u00ednea de todas las fuerzas pol\u00edticas.<\/p>\n<p>Dirigentes como Jorge Taiana, Agust\u00edn Rossi, Teresa Parodi y Daniel Filmus por el Frente para la Victoria; M\u00f3nica L\u00f3pez y Jorge Vanossi por el Frente Renovador; y Mariana Zuvic, Fabi\u00e1n Rodr\u00edguez Sim\u00f3n y Lilia Puig de Stubrin por el frente Cambiemos son algunos de los postulantes al Parlasur.<\/p>\n<p>Los parlamentarios del Mercosur -cuya sede funciona en Montevideo- tendr\u00e1n los mismos beneficios que los diputados nacionales, en cuanto a inmunidades parlamentarias, reg\u00edmenes remuneratorios, laborales, previsionales y protocolares.<\/p>\n<p>Quienes resulten electos no podr\u00e1n desempe\u00f1ar otro mandato o cargo legislativo o ejecutivo en sus pa\u00edses, y tendr\u00e1n un mandato de 4 a\u00f1os, que comienza a regir el 10 de diciembre de este a\u00f1o.<\/p>\n<p>Lo que a\u00fan se encuentra pendiente de definici\u00f3n en la justicia es el lugar que ocupar\u00e1 en la boleta.<\/p>\n<p>El Parlasur -creado en diciembre de 2006, sustituyendo la Comisi\u00f3n Parlamentaria Conjunta- es un \u00ab\u00f3rgano unicameral, independiente y aut\u00f3nomo, que tiene como funci\u00f3n principal velar por el cumplimiento de las normas del Mercosur para avanzar con los objetivos de armonizaci\u00f3n en los intereses de la regi\u00f3n\u00bb.<\/p>\n<p>En diciembre del a\u00f1o pasado, el Congreso sancion\u00f3 la ley que establece su elecci\u00f3n, para dar cumplimiento al protocolo constitutivo del Parlamento del Mercosur que fue firmado en 2005 por los entonces presidentes N\u00e9stor Kirchner, Luiz Inacio Lula Da Silva, Nicanor Duarte Frutos y Tabar\u00e1 V\u00e1zquez.<\/p>\n<p>Este protocolo prev\u00e9 que la integraci\u00f3n del parlamento del Mercosur deber\u00e1 surgir de la elecci\u00f3n por los propios ciudadanos de cada pa\u00eds, a trav\u00e9s del voto directo, universal y secreto.<\/p>\n<p>Actualmente, el Parlasur est\u00e1 integrado por 188 miembros: 76 parlamentarios de Brasil, 43 de Argentina, 33 de Venezuela, 18 de Uruguay y otros 18 de Paraguay, que es -hasta el momento- el \u00fanico pa\u00eds que elige a sus parlamentarios regionales de manera directa.<\/p>\n<p>Seg\u00fan indic\u00f3 la Direcci\u00f3n Nacional Electoral, con la implementaci\u00f3n del voto directo de los representantes al Mercosur, Argentina \u00abavanza en la consolidaci\u00f3n de la democracia en la regi\u00f3n\u00bb.<\/p>\n<h6>Fuente: Tucum\u00e1n Hoy<\/h6>\n<hr \/>\n<p>&nbsp;<\/p>\n<h3>Parlasur: \u00bfqu\u00e9 votamos en las pr\u00f3ximas elecciones nacionales?<\/h3>\n<p><strong>\u00bfQu\u00e9 es el Parlasur?<\/strong><\/p>\n<p>En 1991 nace el Mercado Com\u00fan del Sur (Mercosur) y, en su art\u00edculo 24, establece la necesidad de crear la Comisi\u00f3n Parlamentaria Conjunta, cuya principal labor era articular a los Poderes Legislativos de cada uno de los Estados Miembro con los \u00f3rganos del Mercosur.<br \/>\nAl haberse logrado una mayor integraci\u00f3n entre los pa\u00edses, se consider\u00f3 necesaria una mayor participaci\u00f3n de los legisladores nacionales y es as\u00ed, como se comenzaron los procesos para la conformaci\u00f3n de lo que hoy conocemos como Parlasur. Esta instituci\u00f3n es parte de la estructura del Mercosur, funciona desde 2007 y tiene sede en Montevideo.<\/p>\n<p><strong>\u00bfCu\u00e1les son las funciones del Parlasur?<\/strong><\/p>\n<p>El Parlamento del Mercosur tiene como principales actividades representar a los pueblos de la regi\u00f3n, velar por la observancia de las normas del Mercosur, estimular el respeto a la diversidad e integraci\u00f3n cultural y promover la preservaci\u00f3n de los reg\u00edmenes democr\u00e1ticos de los pa\u00edses que lo componen: Argentina, Brasil, Paraguay, Uruguay, Venezuela y recientemente Bolivia.<\/p>\n<p>Para cumplir con dichos fines, el Parlasur cuenta con diez comisiones que trabajan en cuestiones econ\u00f3micas, culturales, educativas, de derechos humanos, salud, empleo y defensa, entre otras.<\/p>\n<p><strong>\u00bfC\u00f3mo est\u00e1 compuesto?<\/strong><\/p>\n<p>Cuando nace esta nueva instituci\u00f3n, cada Estado Miembro deb\u00eda estar representado por 18 parlamentarios que, previamente, hab\u00edan sido designados por sus respectivos Congresos.<\/p>\n<p>En un intento de darle mayor peso a su trabajo y en pos de acercarse m\u00e1s a la comunidad, el Parlasur modific\u00f3 su normativa interna, logrando que cada pa\u00eds obtenga una cantidad de representantes acorde a su caudal electoral. Es por esto, que Argentina obtiene un total de 43 bancas y que, quienes las ocupen, ser\u00e1n elegidos por voto directo.<\/p>\n<p><strong>\u00bfC\u00f3mo se eligen los miembros?<\/strong><\/p>\n<p>A fines de 2014, el Congreso de la Naci\u00f3n\u00a0 Argentina\u00a0 aprob\u00f3 la ley 27.120 que modific\u00f3 el C\u00f3digo Electoral, estableciendo la elecci\u00f3n directa de los representantes al Parlasur. Se elegir\u00e1n a 24 representantes por cada distrito regional, es decir, un parlamentario por cada provincia y uno por la Ciudad Aut\u00f3noma de Buenos Aires. Quienes acceder\u00e1n al cargo, ser\u00e1n quienes obtengan una mayor\u00eda simple de los sufragios (sistema uninominal).<\/p>\n<p>Los restantes 19 parlamentarios, ser\u00e1n elegidos por distrito \u00fanico a trav\u00e9s del sistema D\u00b4Hont. Esto significa que Argentina ser\u00e1 considerada como distrito \u00fanico y que, quienes obtengan la banca, lo har\u00e1n seg\u00fan la proporci\u00f3n de votos que obtengan en la elecci\u00f3n, tal como sucede con los Diputados.<\/p>\n<p>Esta din\u00e1mica no es \u00fanica en Argentina. Paraguay desde 2013 elige a sus representantes de forma directa, mientras que Brasil y Uruguay anunciaron que utilizaran el voto directo en sus pr\u00f3ximas elecciones generales, con fecha en 2018 y 2019 respectivamente.<\/p>\n<p><strong>\u00bfCu\u00e1ndo se eligen los parlamentarios?<\/strong><\/p>\n<p>Tanto en las elecciones PASO del 9 de Agosto como en la elecci\u00f3n general del 25 de Octubre, se encontrar\u00e1n incorporadas a las boletas los respectivos tramos de los candidatos al Parlasur por distrito \u00fanico (Argentina) y por distrito regional (provincia).<\/p>\n<p><strong>\u00bfQui\u00e9nes pueden presentarse como candidatos?<\/strong><\/p>\n<p>Todas aquellas personas que cumplan los mismos requisitos para postularse como Diputado Nacional. Cabe resaltar que quienes est\u00e9n en ejercicio del cargo de representante en el Parlasur, no podr\u00e1n desempe\u00f1ar de forma paralela un cargo legislativo o ejecutivo en los Estados Miembro y que le ser\u00e1n aplicadas las mismas incompatibilidades que a los Legisladores.<\/p>\n<p><strong>\u00bfCu\u00e1les son los desaf\u00edos?<\/strong><\/p>\n<p>Resulta necesario preguntarse e indagar en un futuro los resultados de esta herramienta de participaci\u00f3n democr\u00e1tica que se abre para que la pol\u00edtica de integraci\u00f3n: la posibilidad de que los ciudadanos elijan a sus representantes y que puedan con la elecci\u00f3n directa, como alcance de m\u00ednima, seleccionar a quienes prefiere que la representen con afinidad a sus principios, valores e ideolog\u00eda, para que sean ellos quienes discutan y decidan en los temas atinentes a la pol\u00edtica del Mercosur -y que tambi\u00e9n corresponden al parlamento regional tratar- y, a su vez, un avance para que la pol\u00edtica de integraci\u00f3n deje de ser discutida en las canciller\u00edas de la regi\u00f3n<\/p>\n<p>Con esta reforma, El Parlasur, est\u00e1 llamando a consolidar el camino a la tan ansiada y nombrada integraci\u00f3n regional (sin ser la utop\u00eda de la igualdad), siendo un paso relevante para afianzar las decisiones pol\u00edticas del Mercado Com\u00fan del Sur.<\/p>\n<h6>Fuente: El Cordillerano<\/h6>\n","protected":false},"excerpt":{"rendered":"<p>Los comicios de este a\u00f1o tendr\u00e1n como principal novedad la elecci\u00f3n de diputados para el Parlamento del Mercosur, con el objetivo de consolidar la democracia en la regi\u00f3n y fortalecer la participaci\u00f3n ciudadana en la elecci\u00f3n directa de sus representantes. En las primarias del 9 de agosto y los comicios generales del 25 de octubre,<\/p>\n","protected":false},"author":2,"featured_media":34315,"comment_status":"closed","ping_status":"closed","sticky":false,"template":"","format":"standard","meta":{"footnotes":""},"categories":[8],"tags":[21],"class_list":["post-34314","post","type-post","status-publish","format-standard","has-post-thumbnail","hentry","category-informe-nacional","tag-argentina"],"_links":{"self":[{"href":"http:\/\/argentinamunicipal.com.ar\/argentina\/wp-json\/wp\/v2\/posts\/34314","targetHints":{"allow":["GET"]}}],"collection":[{"href":"http:\/\/argentinamunicipal.com.ar\/argentina\/wp-json\/wp\/v2\/posts"}],"about":[{"href":"http:\/\/argentinamunicipal.com.ar\/argentina\/wp-json\/wp\/v2\/types\/post"}],"author":[{"embeddable":true,"href":"http:\/\/argentinamunicipal.com.ar\/argentina\/wp-json\/wp\/v2\/users\/2"}],"replies":[{"embeddable":true,"href":"http:\/\/argentinamunicipal.com.ar\/argentina\/wp-json\/wp\/v2\/comments?post=34314"}],"version-history":[{"count":0,"href":"http:\/\/argentinamunicipal.com.ar\/argentina\/wp-json\/wp\/v2\/posts\/34314\/revisions"}],"wp:featuredmedia":[{"embeddable":true,"href":"http:\/\/argentinamunicipal.com.ar\/argentina\/wp-json\/wp\/v2\/media\/34315"}],"wp:attachment":[{"href":"http:\/\/argentinamunicipal.com.ar\/argentina\/wp-json\/wp\/v2\/media?parent=34314"}],"wp:term":[{"taxonomy":"category","embeddable":true,"href":"http:\/\/argentinamunicipal.com.ar\/argentina\/wp-json\/wp\/v2\/categories?post=34314"},{"taxonomy":"post_tag","embeddable":true,"href":"http:\/\/argentinamunicipal.com.ar\/argentina\/wp-json\/wp\/v2\/tags?post=34314"}],"curies":[{"name":"wp","href":"https:\/\/api.w.org\/{rel}","templated":true}]}}