{"id":34340,"date":"2015-08-04T09:11:54","date_gmt":"2015-08-04T12:11:54","guid":{"rendered":"http:\/\/argentinamunicipal.com.ar\/argentina\/?p=34340"},"modified":"2015-08-04T09:11:54","modified_gmt":"2015-08-04T12:11:54","slug":"entre-rios-presentaron-proyectos-para-viviendas-de-madera-y-generacion-de-energia-electrica-a-traves-de-biomasa","status":"publish","type":"post","link":"http:\/\/argentinamunicipal.com.ar\/argentina\/entre-rios-presentaron-proyectos-para-viviendas-de-madera-y-generacion-de-energia-electrica-a-traves-de-biomasa\/","title":{"rendered":"Entre R\u00edos: Presentaron proyectos para viviendas de madera y generaci\u00f3n de energ\u00eda el\u00e9ctrica a trav\u00e9s de biomasa"},"content":{"rendered":"<p><a href=\"http:\/\/argentinamunicipal.com.ar\/argentina\/wp-content\/uploads\/2015\/08\/inta.jpg_973718260.jpg\"><img loading=\"lazy\" decoding=\"async\" class=\"aligncenter  wp-image-34341\" src=\"http:\/\/argentinamunicipal.com.ar\/argentina\/wp-content\/uploads\/2015\/08\/inta.jpg_973718260.jpg\" alt=\"inta.jpg_973718260\" width=\"600\" height=\"418\" srcset=\"http:\/\/argentinamunicipal.com.ar\/argentina\/wp-content\/uploads\/2015\/08\/inta.jpg_973718260.jpg 789w, http:\/\/argentinamunicipal.com.ar\/argentina\/wp-content\/uploads\/2015\/08\/inta.jpg_973718260-300x209.jpg 300w\" sizes=\"auto, (max-width: 600px) 100vw, 600px\" \/><\/a><br \/>\nAmbas iniciativas del Gobierno entrerriano fueron puestas a consideraci\u00f3n del Ministerio de Industria desde donde se pusieron a disposici\u00f3n programas de financiamiento y capacitaci\u00f3n<\/p>\n<p>La Provincia present\u00f3 a la ministra de Industria de la Naci\u00f3n, D\u00e9bora Giorgi, sendos proyectos para generar energ\u00eda a trav\u00e9s de biomasa y para la construcci\u00f3n de m\u00e1s viviendas de madera, durante un encuentro que mantuvieron funcionarios del Ministerio de Planeamiento e Infraestructura junto a industriales madereros entrerrianos.<\/p>\n<p>Estuvieron presentes el ministro de Planeamiento, Juan Javier Garc\u00eda; el secretario de Energ\u00eda, Ra\u00fal Arroyo; y el titular de la Unidad Ejecutora de Programas Especiales (UEPE), Daniel Irigoyen, junto a los industriales agrupados en el Parque Industrial Maderero de Federaci\u00f3n.<\/p>\n<p>Los industriales explicaron que, en sus aserraderos, tienen la posibilidad de producir pellets de madera para generar energ\u00eda el\u00e9ctrica a trav\u00e9s de biomasa. Giorgi resalt\u00f3 esa iniciativa y puso a disposici\u00f3n de la provincia los programas de financiamiento blando y capacitaci\u00f3n con los que cuenta la cartera industrial.<\/p>\n<p>Por su parte, el ministro de infraestructura provincial resalt\u00f3 la importancia de poder asegurar, para Entre R\u00edos, un suministro sustentable de energ\u00eda y resalt\u00f3 el apoyo del Ministerio de Industria.<\/p>\n<p>Asimismo, durante el encuentro se avanz\u00f3 en la posibilidad de construir m\u00e1s viviendas de madera en Entre R\u00edos, tras la exitosa iniciativa realizada en Chajar\u00ed.<\/p>\n<p>Giorgi destac\u00f3 la experiencia de construcci\u00f3n de viviendas a partir de la creaci\u00f3n de cooperativas, llevada adelante por el Ministerio de Desarrollo Social de la Naci\u00f3n, y advirti\u00f3 sobre la relevancia de generar un espacio com\u00fan para producir las distintas partes que integran una vivienda.<\/p>\n<p>Al mismo tiempo, esta modalidad permite no s\u00f3lo promover soluciones habitacionales sino, tambi\u00e9n, proveer de una salida laboral a los integrantes de las cooperativas.<\/p>\n<p>La funcionaria nacional puso a disposici\u00f3n de la provincia el Centro de Investigaci\u00f3n y Desarrollo en Construcciones del Instituto Nacional de Tecnolog\u00eda Industrial (INTI), organismo dependiente de la cartera productiva.<\/p>\n<p>Acompa\u00f1aron a la ministra los secretarios de Planeamiento Estrat\u00e9gico Industrial, Horacio Cepeda, y Pyme, Horacio Roura, y el vicepresidente del INTI, Jos\u00e9 Luis Esper\u00f3n.<\/p>\n<p>Estuvieron presentes adem\u00e1s en el encuentro otros funcionarios provinciales; industriales madereros e integrantes de la Federaci\u00f3n Argentina Industria Maderera y Afines (Faima), encabezados por Pedro Reina.<\/p>\n<h6>Fuente: Uno, Entre R\u00edos<\/h6>\n","protected":false},"excerpt":{"rendered":"<p>Ambas iniciativas del Gobierno entrerriano fueron puestas a consideraci\u00f3n del Ministerio de Industria desde donde se pusieron a disposici\u00f3n programas de financiamiento y capacitaci\u00f3n La Provincia present\u00f3 a la ministra de Industria de la Naci\u00f3n, D\u00e9bora Giorgi, sendos proyectos para generar energ\u00eda a trav\u00e9s de biomasa y para la construcci\u00f3n de m\u00e1s viviendas de madera,<\/p>\n","protected":false},"author":2,"featured_media":34341,"comment_status":"closed","ping_status":"closed","sticky":false,"template":"","format":"standard","meta":{"footnotes":""},"categories":[2],"tags":[17],"class_list":["post-34340","post","type-post","status-publish","format-standard","has-post-thumbnail","hentry","category-informe-municipal","tag-entre-rios"],"_links":{"self":[{"href":"http:\/\/argentinamunicipal.com.ar\/argentina\/wp-json\/wp\/v2\/posts\/34340","targetHints":{"allow":["GET"]}}],"collection":[{"href":"http:\/\/argentinamunicipal.com.ar\/argentina\/wp-json\/wp\/v2\/posts"}],"about":[{"href":"http:\/\/argentinamunicipal.com.ar\/argentina\/wp-json\/wp\/v2\/types\/post"}],"author":[{"embeddable":true,"href":"http:\/\/argentinamunicipal.com.ar\/argentina\/wp-json\/wp\/v2\/users\/2"}],"replies":[{"embeddable":true,"href":"http:\/\/argentinamunicipal.com.ar\/argentina\/wp-json\/wp\/v2\/comments?post=34340"}],"version-history":[{"count":0,"href":"http:\/\/argentinamunicipal.com.ar\/argentina\/wp-json\/wp\/v2\/posts\/34340\/revisions"}],"wp:featuredmedia":[{"embeddable":true,"href":"http:\/\/argentinamunicipal.com.ar\/argentina\/wp-json\/wp\/v2\/media\/34341"}],"wp:attachment":[{"href":"http:\/\/argentinamunicipal.com.ar\/argentina\/wp-json\/wp\/v2\/media?parent=34340"}],"wp:term":[{"taxonomy":"category","embeddable":true,"href":"http:\/\/argentinamunicipal.com.ar\/argentina\/wp-json\/wp\/v2\/categories?post=34340"},{"taxonomy":"post_tag","embeddable":true,"href":"http:\/\/argentinamunicipal.com.ar\/argentina\/wp-json\/wp\/v2\/tags?post=34340"}],"curies":[{"name":"wp","href":"https:\/\/api.w.org\/{rel}","templated":true}]}}