{"id":3435,"date":"2014-03-10T11:25:22","date_gmt":"2014-03-10T14:25:22","guid":{"rendered":"http:\/\/argentinamunicipal.com.ar\/argentina\/?p=3435"},"modified":"2014-03-10T11:25:22","modified_gmt":"2014-03-10T14:25:22","slug":"zapala-avanza-la-construccion-de-la-planta-de-procesamiento-de-lana","status":"publish","type":"post","link":"http:\/\/argentinamunicipal.com.ar\/argentina\/zapala-avanza-la-construccion-de-la-planta-de-procesamiento-de-lana\/","title":{"rendered":"Zapala: Avanza la construcci\u00f3n de la planta de procesamiento de lana"},"content":{"rendered":"<p><a href=\"http:\/\/argentinamunicipal.com.ar\/argentina\/wp-content\/uploads\/2014\/03\/531d11c262db76_322x226.94071924.jpg\"><img loading=\"lazy\" decoding=\"async\" class=\"alignleft size-full wp-image-3436\" alt=\"531d11c262db76_322x226.94071924\" src=\"http:\/\/argentinamunicipal.com.ar\/argentina\/wp-content\/uploads\/2014\/03\/531d11c262db76_322x226.94071924.jpg\" width=\"322\" height=\"226\" srcset=\"http:\/\/argentinamunicipal.com.ar\/argentina\/wp-content\/uploads\/2014\/03\/531d11c262db76_322x226.94071924.jpg 322w, http:\/\/argentinamunicipal.com.ar\/argentina\/wp-content\/uploads\/2014\/03\/531d11c262db76_322x226.94071924-300x210.jpg 300w\" sizes=\"auto, (max-width: 322px) 100vw, 322px\" \/><\/a>La iniciativa permitir\u00e1 procesar fibra de origen animal y competir en el pa\u00eds y en el exterior. Ya se invirtieron 5,6 millones de pesos de un total de 7,3 millones.<\/p>\n<p>Avanza la construcci\u00f3n de la planta de procesamiento de fibras de origen animal que se instalar\u00e1 en Zapala a trav\u00e9s de una inversi\u00f3n de 7,3 millones de pesos. El proyecto no s\u00f3lo permitir\u00e1 vender bolsones con fibra sino tambi\u00e9n comercializar hilados y tejidos. Hasta el momento, ya se desembolsaron 5,6 millones de pesos.<\/p>\n<p>Se trata de un galp\u00f3n que permitir\u00e1 acopiar y clasificar fibras, contar con una sala de procesamiento, de reuniones y un albergue. Ser\u00e1n 1.250 metros cuadrados cubiertos sobre un terreno de 3.600 metros cuadrados. El plazo de finalizaci\u00f3n de obra es de diez meses a partir de enero \u00faltimo.<\/p>\n<p>El emprendimiento cuenta con un presupuesto de 7,3 millones de pesos obtenidos a trav\u00e9s de gestiones con el Ministerio de Agricultura de la Naci\u00f3n y de aportes provenientes el Ministerio de Desarrollo Territorial.<\/p>\n<p>La iniciativa beneficiar\u00e1 a unas 350 familias de la zona centro pertenecientes al Programa Mohair, integradas por peque\u00f1os productores criollos y mapuches, cuya actividad principal es la cr\u00eda de cabras.<\/p>\n<p>El ministro de Desarrollo Territorial, Leandro Bertoya, recorri\u00f3 d\u00edas atr\u00e1s los avances de la obra y destac\u00f3 la importancia de fortalecer las econom\u00edas de la regi\u00f3n, y particularmente la ganader\u00eda caprina.<\/p>\n<p>\u201cTenemos la intenci\u00f3n, como se ha hecho en Chos Malal, de agregarle valor a la producci\u00f3n del mohair y mejorar sustancialmente la rentabilidad para los productores. Buscamos fortalecer la ganader\u00eda caprina y generar primero recursos para los productores y sus familias y despu\u00e9s tambi\u00e9n, con la exportaci\u00f3n que ingresen divisas al pa\u00eds,\u201d sostuvo Bertoya.<\/p>\n<p>El proyecto incluye adem\u00e1s asistencia t\u00e9cnica y de fortalecimiento organizacional, capacitaci\u00f3n a los productores, administraci\u00f3n de un fondo rotatorio y la adquisici\u00f3n de un cami\u00f3n con caja, un autoelevador, mobiliario y equipamiento.<\/p>\n<p>La iniciativa, impulsada desde el Ministerio de Desarrollo Territorial, cuenta con la intervenci\u00f3n del Proderpa, el Centro Pyme-Adeneu y Fiduciaria Neuquina, adem\u00e1s del INTA y el municipio de Zapala, que cedi\u00f3 el terreno.<\/p>\n<h6>Fuente: La Ma\u00f1ana Neuqu\u00e9n<\/h6>\n","protected":false},"excerpt":{"rendered":"<p>La iniciativa permitir\u00e1 procesar fibra de origen animal y competir en el pa\u00eds y en el exterior. Ya se invirtieron 5,6 millones de pesos de un total de 7,3 millones. Avanza la construcci\u00f3n de la planta de procesamiento de fibras de origen animal que se instalar\u00e1 en Zapala a trav\u00e9s de una inversi\u00f3n de 7,3<\/p>\n","protected":false},"author":2,"featured_media":3436,"comment_status":"closed","ping_status":"closed","sticky":false,"template":"","format":"standard","meta":{"footnotes":""},"categories":[2],"tags":[23],"class_list":["post-3435","post","type-post","status-publish","format-standard","has-post-thumbnail","hentry","category-informe-municipal","tag-neuquen"],"_links":{"self":[{"href":"http:\/\/argentinamunicipal.com.ar\/argentina\/wp-json\/wp\/v2\/posts\/3435","targetHints":{"allow":["GET"]}}],"collection":[{"href":"http:\/\/argentinamunicipal.com.ar\/argentina\/wp-json\/wp\/v2\/posts"}],"about":[{"href":"http:\/\/argentinamunicipal.com.ar\/argentina\/wp-json\/wp\/v2\/types\/post"}],"author":[{"embeddable":true,"href":"http:\/\/argentinamunicipal.com.ar\/argentina\/wp-json\/wp\/v2\/users\/2"}],"replies":[{"embeddable":true,"href":"http:\/\/argentinamunicipal.com.ar\/argentina\/wp-json\/wp\/v2\/comments?post=3435"}],"version-history":[{"count":0,"href":"http:\/\/argentinamunicipal.com.ar\/argentina\/wp-json\/wp\/v2\/posts\/3435\/revisions"}],"wp:featuredmedia":[{"embeddable":true,"href":"http:\/\/argentinamunicipal.com.ar\/argentina\/wp-json\/wp\/v2\/media\/3436"}],"wp:attachment":[{"href":"http:\/\/argentinamunicipal.com.ar\/argentina\/wp-json\/wp\/v2\/media?parent=3435"}],"wp:term":[{"taxonomy":"category","embeddable":true,"href":"http:\/\/argentinamunicipal.com.ar\/argentina\/wp-json\/wp\/v2\/categories?post=3435"},{"taxonomy":"post_tag","embeddable":true,"href":"http:\/\/argentinamunicipal.com.ar\/argentina\/wp-json\/wp\/v2\/tags?post=3435"}],"curies":[{"name":"wp","href":"https:\/\/api.w.org\/{rel}","templated":true}]}}