{"id":3438,"date":"2014-03-10T11:34:10","date_gmt":"2014-03-10T14:34:10","guid":{"rendered":"http:\/\/argentinamunicipal.com.ar\/argentina\/?p=3438"},"modified":"2014-03-10T11:34:10","modified_gmt":"2014-03-10T14:34:10","slug":"acohofar-integrara-el-centro-de-acopio-de-choele-choel","status":"publish","type":"post","link":"http:\/\/argentinamunicipal.com.ar\/argentina\/acohofar-integrara-el-centro-de-acopio-de-choele-choel\/","title":{"rendered":"Acohofar integrar\u00e1 el Centro de Acopio de Choele Choel"},"content":{"rendered":"<p><a href=\"http:\/\/argentinamunicipal.com.ar\/argentina\/wp-content\/uploads\/2014\/03\/580004_zpsdda11c68.jpg\"><img loading=\"lazy\" decoding=\"async\" class=\"alignleft size-full wp-image-3443\" alt=\"580004_zpsdda11c68\" src=\"http:\/\/argentinamunicipal.com.ar\/argentina\/wp-content\/uploads\/2014\/03\/580004_zpsdda11c68.jpg\" width=\"588\" height=\"320\" srcset=\"http:\/\/argentinamunicipal.com.ar\/argentina\/wp-content\/uploads\/2014\/03\/580004_zpsdda11c68.jpg 588w, http:\/\/argentinamunicipal.com.ar\/argentina\/wp-content\/uploads\/2014\/03\/580004_zpsdda11c68-300x163.jpg 300w\" sizes=\"auto, (max-width: 588px) 100vw, 588px\" \/><\/a>La Asociaci\u00f3n de Cooperativas Hort\u00edcola y Frut\u00edcolas Argentinas, la CAPIR y el municipio de Choele Choel aunaron esfuerzos para la puesta en funcionamiento del Centro de Acopio de Frutas y Verduras del Valle Medio.<\/p>\n<p>El presidente de la Asociaci\u00f3n de Cooperativas Hort\u00edcola y Frut\u00edcolas Argentinas (ACOHOFAR), Jorge Morales y Pedro Gaetan, de Cooperativa Agroalimentaria para la Integraci\u00f3n Regional (CAPIR), visitaron el Valle Medio con una agenda extensa en materia de gestiones y trabajos con municipios y cooperativas de Choele Choel y Luis Beltr\u00e1n.<\/p>\n<p>En la tarde del mi\u00e9rcoles mantuvieron una mesa de trabajo en la sala de reuniones de la Municipalidad de Choele Choel en la que acordaron con el intendente Daniel Belloso aunar los esfuerzos en el futuro del Centro de Acopio de Frutas y Verduras.<\/p>\n<p>Gaetan expres\u00f3 al respecto \u201cmas all\u00e1 de lo institucional me comprometo a trabajar desde lo personal en la log\u00edstica de este peque\u00f1o mercado porque creo que es importante no solo para la zona en lo que tiene que ver con el desarrollo sino que es un beneficio directo para los productores y consumidores.\u201d<\/p>\n<p>Por su parte, el presidente de ACOHOFAR, Jorge Morales agreg\u00f3: \u201cSiguiendo la propuesta de Pedro, desde nuestro lugar vamos a estar acompa\u00f1ando. Hay muchas cosas que podemos hacer, no solo coordinando con cooperativas frutihorticolas de otras regiones del territorio nacional sino tambi\u00e9n en el intercambio con otros productos como yerba, arroz, az\u00facar, harina o aceite.\u201d<\/p>\n<p>La Asociaci\u00f3n de Cooperativas Horticolas y Fruticolas Argentinas (ACOHOFAR) nuclea a 20 cooperativistas de Misiones, Chaco, Corrientes, Jujuy, R\u00edo Negro, Santa Fe, CABA y Buenos Aires.<\/p>\n<p>Despu\u00e9s, un numero importante de productores se reuni\u00f3 en el Centro Cultural con representantes de\u00e7 la Asociaci\u00f3n Hort\u00edcola del Valle Medio en la que estuvieron acompa\u00f1ando el presidente de dicha instituci\u00f3n, Javier Condori; el director de Producci\u00f3n Dar\u00edo Castro y el legislador del circuito Leandro Tozzi.<\/p>\n<p>Belloso se\u00f1al\u00f3 que \u201ces muy gratificante recibir la visita de compa\u00f1eros que creen y piensan que lo mas importante es el otro. Sabemos de la importancia del Centro de Acopio para nuestra regi\u00f3n y la necesidad de unir esfuerzos para un mejor funcionamiento por eso contar con el acompa\u00f1amiento de estas personas experimentadas nos llena de alegr\u00eda.\u201d<\/p>\n<h6>Fuente: ADN Rio Negro<\/h6>\n","protected":false},"excerpt":{"rendered":"<p>La Asociaci\u00f3n de Cooperativas Hort\u00edcola y Frut\u00edcolas Argentinas, la CAPIR y el municipio de Choele Choel aunaron esfuerzos para la puesta en funcionamiento del Centro de Acopio de Frutas y Verduras del Valle Medio. El presidente de la Asociaci\u00f3n de Cooperativas Hort\u00edcola y Frut\u00edcolas Argentinas (ACOHOFAR), Jorge Morales y Pedro Gaetan, de Cooperativa Agroalimentaria para<\/p>\n","protected":false},"author":2,"featured_media":3443,"comment_status":"closed","ping_status":"closed","sticky":false,"template":"","format":"standard","meta":{"footnotes":""},"categories":[2],"tags":[11],"class_list":["post-3438","post","type-post","status-publish","format-standard","has-post-thumbnail","hentry","category-informe-municipal","tag-rio-negro"],"_links":{"self":[{"href":"http:\/\/argentinamunicipal.com.ar\/argentina\/wp-json\/wp\/v2\/posts\/3438","targetHints":{"allow":["GET"]}}],"collection":[{"href":"http:\/\/argentinamunicipal.com.ar\/argentina\/wp-json\/wp\/v2\/posts"}],"about":[{"href":"http:\/\/argentinamunicipal.com.ar\/argentina\/wp-json\/wp\/v2\/types\/post"}],"author":[{"embeddable":true,"href":"http:\/\/argentinamunicipal.com.ar\/argentina\/wp-json\/wp\/v2\/users\/2"}],"replies":[{"embeddable":true,"href":"http:\/\/argentinamunicipal.com.ar\/argentina\/wp-json\/wp\/v2\/comments?post=3438"}],"version-history":[{"count":0,"href":"http:\/\/argentinamunicipal.com.ar\/argentina\/wp-json\/wp\/v2\/posts\/3438\/revisions"}],"wp:featuredmedia":[{"embeddable":true,"href":"http:\/\/argentinamunicipal.com.ar\/argentina\/wp-json\/wp\/v2\/media\/3443"}],"wp:attachment":[{"href":"http:\/\/argentinamunicipal.com.ar\/argentina\/wp-json\/wp\/v2\/media?parent=3438"}],"wp:term":[{"taxonomy":"category","embeddable":true,"href":"http:\/\/argentinamunicipal.com.ar\/argentina\/wp-json\/wp\/v2\/categories?post=3438"},{"taxonomy":"post_tag","embeddable":true,"href":"http:\/\/argentinamunicipal.com.ar\/argentina\/wp-json\/wp\/v2\/tags?post=3438"}],"curies":[{"name":"wp","href":"https:\/\/api.w.org\/{rel}","templated":true}]}}