{"id":34386,"date":"2015-08-04T17:03:05","date_gmt":"2015-08-04T20:03:05","guid":{"rendered":"http:\/\/argentinamunicipal.com.ar\/argentina\/?p=34386"},"modified":"2015-08-04T10:10:15","modified_gmt":"2015-08-04T13:10:15","slug":"ocho-provincias-definiran-24-bancas-para-el-senado","status":"publish","type":"post","link":"http:\/\/argentinamunicipal.com.ar\/argentina\/ocho-provincias-definiran-24-bancas-para-el-senado\/","title":{"rendered":"Ocho provincias definir\u00e1n 24 bancas para el Senado"},"content":{"rendered":"<p><a href=\"http:\/\/argentinamunicipal.com.ar\/argentina\/wp-content\/uploads\/2015\/08\/congreso.jpg\"><img loading=\"lazy\" decoding=\"async\" class=\"aligncenter size-full wp-image-34387\" src=\"http:\/\/argentinamunicipal.com.ar\/argentina\/wp-content\/uploads\/2015\/08\/congreso.jpg\" alt=\"congreso\" width=\"640\" height=\"480\" srcset=\"http:\/\/argentinamunicipal.com.ar\/argentina\/wp-content\/uploads\/2015\/08\/congreso.jpg 640w, http:\/\/argentinamunicipal.com.ar\/argentina\/wp-content\/uploads\/2015\/08\/congreso-300x225.jpg 300w\" sizes=\"auto, (max-width: 640px) 100vw, 640px\" \/><\/a><br \/>\nTucum\u00e1n, Mendoza, Catamarca, Santa Fe y C\u00f3rdoba son algunas.<\/p>\n<p>Las elecciones primarias del domingo definir\u00e1n a los candidatos por las 24 bancas que se deben renovar en el Senado de la Naci\u00f3n, correspondientes a las provincias de Tucum\u00e1n, Catamarca, Mendoza, Santa Fe, C\u00f3rdoba, Chubut, Corrientes y La Pampa. Son lugares ocupados por los legisladores que ingresaron en 2009, y de ellas, la oposici\u00f3n pone en juego 15, repartidas entre el radicalismo, el peronismo disidente y la centroizquierda, y el FpV s\u00f3lo 9.<\/p>\n<p>En Santa Fe, disputar\u00e1n las PASO el actual diputado socialista, Hermes Binner, junto por la dirigente radical Marta Esperanza. All\u00ed, el FpV propone al diputado, Omar Perotti, y a la concejal de Firmat, Marilin Sacnum.<\/p>\n<p>El PRO, aliado con una parte del peronismo, lleva como postulante al actual senadorCarlos Reutemann, quien ir\u00e1 acompa\u00f1ado por Alejandra Vucasovich.<\/p>\n<p>En Mendoza, el FpV postula a la actual diputada, integrante de La C\u00e1mpora, Anabel Fern\u00e1ndez Sagasti, secundada por el director de YPF en esa provincia, Omar F\u00e9lix.<\/p>\n<p>El radicalismo y el macrismo en ese distrito postulan al actual diputado y ex vicepresidente, Julio Cobos, y a la legisladora provincial Pamela Verasay.<\/p>\n<p>En C\u00f3rdoba, el FpV postula al diputado Fabi\u00e1n Francioni, acompa\u00f1ado por su colega en la C\u00e1mara baja, Nora Bedano. Adem\u00e1s, el Frente C\u00edvico, ya escindido de PRO, impulsa la reelecci\u00f3n de Luis Juez, secundado por Laura Rodr\u00edguez Machado, ex secretaria de Finanzas de la Municipalidad.<\/p>\n<p>Sin embargo, el anuncio de Juez a renunciar a su banca si es electo (ya que se postula a intendente) su reemplazante ser\u00eda Heriberto Mart\u00ednez, presidente del Frente C\u00edvico.<\/p>\n<p>En tanto, por el peronismo cordob\u00e9s competir\u00e1n el diputado Carlos Caserio y la vicegobernadora de esa provincia, Alicia Pregno.<\/p>\n<p>Por Catamarca, el FpV propone al vicegobernador Dalmacio Mera, acompa\u00f1ado por la senadora nacional In\u00e9s Blas. El Frente C\u00edvico, en tanto, deber\u00e1 dirimir entre dos f\u00f3rmulas radicales: Oscar Castillo, quien tambi\u00e9n ir\u00e1 por su reelecci\u00f3n, y Marta Grimaux, funcionaria provincial; y Francisco Monti y Agustina Walther. En Chubut el peronismo tambi\u00e9n ir\u00e1 dividido. Por un lado, el oficialismo postula al diputado nacional Juan Mario Pais y a la ex legisladora Nancy Gonz\u00e1lez. En tanto, el peronismo disidente impulsa a Alfredo Gonz\u00e1lez Luenzo, y a la senadora Graciela Di Perna. El radicalismo buscar\u00e1 la reelecci\u00f3n de Mario Cimadevilla, en dupla con Marta Rasso.<\/p>\n<p>La Pampa resolver\u00e1 en las PASO qu\u00e9 ocurrir\u00e1 con la alianza UCR-PRO entre las listas compuestas por el senador radical Juan Carlos Marino, acompa\u00f1ado por Elida Deanna; y el diputado Carlos Mac Allister, y M\u00f3nica Ramos. El kirchnerismo, lleva a la diputada de La C\u00e1mpora Mar\u00eda Alonso y la senadora Mar\u00eda Higonet.<\/p>\n<p>El peronismo disidente, va con el actual senador Carlos Verna, y tambi\u00e9n present\u00f3 una lista conformada por el diputado local Daniel Lovera y la vicegobernadora Norma Durango.<\/p>\n<p>En Tucum\u00e1n Jos\u00e9 Alperovich ser\u00e1 el primer candidato a senador por el FpV, acompa\u00f1ado por la ministra de Desarrollo Social de la provincia, Beatriz Mirkin.<\/p>\n<p>En tanto, la alianza entre UCR y PRO llevar\u00e1 como postulantes a la senadora Silvia El\u00edasy al dirigente macrista Pablo Walter.<\/p>\n<p>En Corrientes el FpV postula al secretario de Deportes de la Naci\u00f3n, Carlos \u201cCamau\u201d Esp\u00ednola, y a la dirigente Ana Almir\u00f3n.<\/p>\n<h6>Fuente: La Gaceta<\/h6>\n","protected":false},"excerpt":{"rendered":"<p>Tucum\u00e1n, Mendoza, Catamarca, Santa Fe y C\u00f3rdoba son algunas. Las elecciones primarias del domingo definir\u00e1n a los candidatos por las 24 bancas que se deben renovar en el Senado de la Naci\u00f3n, correspondientes a las provincias de Tucum\u00e1n, Catamarca, Mendoza, Santa Fe, C\u00f3rdoba, Chubut, Corrientes y La Pampa. Son lugares ocupados por los legisladores que<\/p>\n","protected":false},"author":2,"featured_media":34387,"comment_status":"closed","ping_status":"closed","sticky":false,"template":"","format":"standard","meta":{"footnotes":""},"categories":[8],"tags":[21],"class_list":["post-34386","post","type-post","status-publish","format-standard","has-post-thumbnail","hentry","category-informe-nacional","tag-argentina"],"_links":{"self":[{"href":"http:\/\/argentinamunicipal.com.ar\/argentina\/wp-json\/wp\/v2\/posts\/34386","targetHints":{"allow":["GET"]}}],"collection":[{"href":"http:\/\/argentinamunicipal.com.ar\/argentina\/wp-json\/wp\/v2\/posts"}],"about":[{"href":"http:\/\/argentinamunicipal.com.ar\/argentina\/wp-json\/wp\/v2\/types\/post"}],"author":[{"embeddable":true,"href":"http:\/\/argentinamunicipal.com.ar\/argentina\/wp-json\/wp\/v2\/users\/2"}],"replies":[{"embeddable":true,"href":"http:\/\/argentinamunicipal.com.ar\/argentina\/wp-json\/wp\/v2\/comments?post=34386"}],"version-history":[{"count":0,"href":"http:\/\/argentinamunicipal.com.ar\/argentina\/wp-json\/wp\/v2\/posts\/34386\/revisions"}],"wp:featuredmedia":[{"embeddable":true,"href":"http:\/\/argentinamunicipal.com.ar\/argentina\/wp-json\/wp\/v2\/media\/34387"}],"wp:attachment":[{"href":"http:\/\/argentinamunicipal.com.ar\/argentina\/wp-json\/wp\/v2\/media?parent=34386"}],"wp:term":[{"taxonomy":"category","embeddable":true,"href":"http:\/\/argentinamunicipal.com.ar\/argentina\/wp-json\/wp\/v2\/categories?post=34386"},{"taxonomy":"post_tag","embeddable":true,"href":"http:\/\/argentinamunicipal.com.ar\/argentina\/wp-json\/wp\/v2\/tags?post=34386"}],"curies":[{"name":"wp","href":"https:\/\/api.w.org\/{rel}","templated":true}]}}