{"id":34429,"date":"2015-08-05T09:31:21","date_gmt":"2015-08-05T12:31:21","guid":{"rendered":"http:\/\/argentinamunicipal.com.ar\/argentina\/?p=34429"},"modified":"2015-08-05T09:31:21","modified_gmt":"2015-08-05T12:31:21","slug":"los-argentinos-viajaron-estas-vacaciones-de-invierno-45-mas-que-el-ano-pasado","status":"publish","type":"post","link":"http:\/\/argentinamunicipal.com.ar\/argentina\/los-argentinos-viajaron-estas-vacaciones-de-invierno-45-mas-que-el-ano-pasado\/","title":{"rendered":"Los argentinos viajaron estas vacaciones de invierno 4,5% m\u00e1s que el a\u00f1o pasado"},"content":{"rendered":"<p><a href=\"http:\/\/argentinamunicipal.com.ar\/argentina\/wp-content\/uploads\/2015\/08\/imagen2.jpg\"><img loading=\"lazy\" decoding=\"async\" class=\"aligncenter wp-image-34430\" src=\"http:\/\/argentinamunicipal.com.ar\/argentina\/wp-content\/uploads\/2015\/08\/imagen2.jpg\" alt=\"Catedral recibi\u00f3 m\u00e1s de 15.000 visitas\" width=\"632\" height=\"422\" srcset=\"http:\/\/argentinamunicipal.com.ar\/argentina\/wp-content\/uploads\/2015\/08\/imagen2.jpg 822w, http:\/\/argentinamunicipal.com.ar\/argentina\/wp-content\/uploads\/2015\/08\/imagen2-300x200.jpg 300w\" sizes=\"auto, (max-width: 632px) 100vw, 632px\" \/><\/a><br \/>\nLos destinos tur\u00edsticos de todo el pa\u00eds recibieron a 13,2 millones de viajeros durante el receso escolar de mitad de a\u00f1o. Dejaron m\u00e1s de 5 mil millones.<\/p>\n<p>Los destinos tur\u00edsticos de todo el pa\u00eds recibieron a 13,2 millones de turistas en las vacaciones de invierno, un 4,5% m\u00e1s que el a\u00f1o pasado, y registraron un movimiento econ\u00f3mico superior a los cinco mil millones de pesos, un 26% m\u00e1s que el a\u00f1o pasado, seg\u00fan datos recogidos en dos relevamientos efectuados por el Ministerio de Turismo de la Naci\u00f3n (Mintur) y la C\u00e1mara Argentina de Turismo (CAT) que se conocieron anteayer.<\/p>\n<p>En relaci\u00f3n a estas cifras, el ministro de Turismo de la Naci\u00f3n, Enrique Meyer, se\u00f1al\u00f3 que \u201cArgentina est\u00e1 viviendo un momento hist\u00f3rico en el turismo en toda su geografia\u201d y dijo que los niveles de ocupaci\u00f3n y el movimiento econ\u00f3mico de la temporada invernal \u201csuper\u00f3 todas nuestras expectativas en todos los campos\u201d.<\/p>\n<p>El ministro consider\u00f3 que adem\u00e1s del \u00e9xito econ\u00f3mico y de movimiento de turistas \u201ces importante remarcar que muchos destinos comienzan a consolidarse como una opci\u00f3n para todo el a\u00f1o y otros comienzan a registrar una actividad cada vez m\u00e1s importante\u201d. \u2002Seg\u00fan el relevamiento del Mintur, en julio la ciudad bonaerense de Mar del Plata recibi\u00f3 a m\u00e1s de 442 mil turistas, lo que representa un aumento del 17% en relaci\u00f3n al a\u00f1o anterior, mientras que m\u00e1s de 161 mil visitantes eligieron alg\u00fan destino del Partido de la Costa, casi un 15% m\u00e1s que en julio de 2014.<\/p>\n<p>El trabajo oficial destaca que el Parque Nacional Iguaz\u00fa (PNI), donde est\u00e1n las cataratas del Iguaz\u00fa, en la provincia de Misiones, cerr\u00f3 el mes de julio con 173.665 visitantes, una cifra que super\u00f3 el r\u00e9cord alcanzado para un per\u00edodo de 30 d\u00edas, logrado en enero de este a\u00f1o, cuando llegaron 167.611 personas.<\/p>\n<p>La cantidad de turistas en las cataratas del Iguaz\u00fa represent\u00f3 un crecimiento de casi el 8% en relaci\u00f3n al m\u00e1ximo registro invernal anterior, que fue de 160.112 personas en 2012.<\/p>\n<p>En la provincia de San Juan se registr\u00f3 el arribo de 35 mil turistas en los primeros 15 d\u00edas de julio, un 34,7% m\u00e1s que el a\u00f1o anterior, mientras que en Mendoza hubo 300 mil visitantes, lo que marca un incremento del 6,5% sobre la cifra lograda en 2014, destac\u00f3 el trabajo del Mintur.<\/p>\n<p>Adem\u00e1s, precis\u00f3 que en Tierra del Fuego hubo un incremento del 9% en la cantidad de turistas, mientras que en la ciudad chubutense de Puerto Madryn, donde llegaron 17 mil viajeros, hubo un crecimiento del 38% en relaci\u00f3n al a\u00f1o anterior y en la ciudad neuquina de San Mart\u00edn de los Andes, que tuvo m\u00e1s de 105 mil pernoctes, ese incremento fue del 10% con respecto a 2014.<\/p>\n<p><strong>Gasto de 1.578 pesos.<\/strong> Por su parte, la CAT, a trav\u00e9s de un relevamiento propio, constat\u00f3 que el movimiento econ\u00f3mico que se produjo en el receso invernal fue de 5.135 millones de pesos, con un gasto consolidado y promedio por turista de 1.578 pesos.<\/p>\n<p>El titular de la CAT, Oscar Ghezzi, sostuvo que \u201ceste panorama positivo y consolidado es consecuencia de m\u00faltiples factores\u201d, y remarc\u00f3 que entre los mismos \u201chay que mencionar el trabajo de promoci\u00f3n que realiza cada destino a partir del esfuerzo tanto del sector privado como del sector p\u00fablico, de modo articulado y estrat\u00e9gico\u201d.<\/p>\n<p>\u201cTrabajamos por la desestacionalizaci\u00f3n y el car\u00e1cter federal del movimiento tur\u00edstico, que otra vez vuelve a quedar en evidencia al observar que los visitantes elligen nuestro pa\u00eds, de este a oeste y de norte a sur, tanto en instancias vacacionales como a lo largo del a\u00f1o\u201d, enfatiz\u00f3 Ghezzi.<\/p>\n<p>El trabajo desarrollado por la CAT destac\u00f3 que los destinos del pa\u00eds mantuvieron la tendencia de movimiento que se viene sucediendo durante los fines de semana largo y se\u00f1al\u00f3 que se evidenci\u00f3 un importante movimiento en el tr\u00e1fico a\u00e9reo de cabotaje.<\/p>\n<p>En ese sentido, precis\u00f3 que la l\u00ednea a\u00e9rea LAN inform\u00f3 que sus ventas subieron un 7% m\u00e1s que la temporada anterior, y que entre los destinos m\u00e1s elegidos por sus clientes se destacaron Bariloche, con un 28% de los pasajeros, Mendoza, con el 13%, Neuqu\u00e9n con el 12% y C\u00f3rdoba y Salta con el 11% cada una.<\/p>\n<p>Seg\u00fan el informe de la CAT, los principales centros tur\u00edsticos de la provincia de Buenos Aires registraron buenos niveles de ocupaci\u00f3n durante el segundo fin de semana de las vacaciones de invierno, con las zonas de sierras y las termas como principales atractivos.<\/p>\n<p>El titular del Instituto Mixto de Turismo de Tandil, Alejandro Bonadeo, afirm\u00f3 que la ciudad \u201ctuvo altos niveles de ocupaci\u00f3n, con cifras del orden del 85%\u201d, y adelant\u00f3 que \u201cpor lo general se mantiene la misma tendencia durante todas las vacaciones de verano\u201d.<\/p>\n<p>En tanto, desde la direcci\u00f3n de Turismo del partido bonaerense de Adolfo Alsina, Javier Andr\u00e9s sostuvo que \u201cla ocupaci\u00f3n en Carhu\u00e9 alcanz\u00f3 el 95% durante el receso invernal\u201d, y puntualiz\u00f3 que \u201cen el \u00faltimo fin de semana de las vacaciones de invierno la ocupaci\u00f3n hotelera lleg\u00f3 al 100%\u201d.<\/p>\n<p>Por su parte, desde la Direcci\u00f3n de Turismo de la ciudad bonaerense de San Antonio de Areco destacaron que \u201cla ocupaci\u00f3n en el receso invernal se ubic\u00f3 en un 70%, con un nivel de reservas para los fines de semana que alcanz\u00f3 el 85%\u201d, puntualizando que durante 2014 esa ciudad \u201crecibi\u00f3 m\u00e1s de 300 mil turistas y en la actualidad, al mes de julio, ya ha recibido m\u00e1s de 220 mil visitantes\u201d.<\/p>\n<p>Por \u00faltimo, el relevamiento de las agencias de turismo de todo el pa\u00eds se\u00f1al\u00f3 que en la provincia de Jujuy, \u201cen localidades como La Quebrada, se alcanzaron niveles de ocupaci\u00f3n de entre el 90 y el 100% y un crecimiento en la cantidad de visitantes de entre el 10 y el 15%\u201d en relaci\u00f3n al mismo per\u00edodo del a\u00f1o pasado.<\/p>\n<h6>Fuente: La Capital, Rosario<\/h6>\n","protected":false},"excerpt":{"rendered":"<p>Los destinos tur\u00edsticos de todo el pa\u00eds recibieron a 13,2 millones de viajeros durante el receso escolar de mitad de a\u00f1o. Dejaron m\u00e1s de 5 mil millones. Los destinos tur\u00edsticos de todo el pa\u00eds recibieron a 13,2 millones de turistas en las vacaciones de invierno, un 4,5% m\u00e1s que el a\u00f1o pasado, y registraron un<\/p>\n","protected":false},"author":2,"featured_media":34430,"comment_status":"closed","ping_status":"closed","sticky":false,"template":"","format":"standard","meta":{"footnotes":""},"categories":[8],"tags":[21],"class_list":["post-34429","post","type-post","status-publish","format-standard","has-post-thumbnail","hentry","category-informe-nacional","tag-argentina"],"_links":{"self":[{"href":"http:\/\/argentinamunicipal.com.ar\/argentina\/wp-json\/wp\/v2\/posts\/34429","targetHints":{"allow":["GET"]}}],"collection":[{"href":"http:\/\/argentinamunicipal.com.ar\/argentina\/wp-json\/wp\/v2\/posts"}],"about":[{"href":"http:\/\/argentinamunicipal.com.ar\/argentina\/wp-json\/wp\/v2\/types\/post"}],"author":[{"embeddable":true,"href":"http:\/\/argentinamunicipal.com.ar\/argentina\/wp-json\/wp\/v2\/users\/2"}],"replies":[{"embeddable":true,"href":"http:\/\/argentinamunicipal.com.ar\/argentina\/wp-json\/wp\/v2\/comments?post=34429"}],"version-history":[{"count":0,"href":"http:\/\/argentinamunicipal.com.ar\/argentina\/wp-json\/wp\/v2\/posts\/34429\/revisions"}],"wp:featuredmedia":[{"embeddable":true,"href":"http:\/\/argentinamunicipal.com.ar\/argentina\/wp-json\/wp\/v2\/media\/34430"}],"wp:attachment":[{"href":"http:\/\/argentinamunicipal.com.ar\/argentina\/wp-json\/wp\/v2\/media?parent=34429"}],"wp:term":[{"taxonomy":"category","embeddable":true,"href":"http:\/\/argentinamunicipal.com.ar\/argentina\/wp-json\/wp\/v2\/categories?post=34429"},{"taxonomy":"post_tag","embeddable":true,"href":"http:\/\/argentinamunicipal.com.ar\/argentina\/wp-json\/wp\/v2\/tags?post=34429"}],"curies":[{"name":"wp","href":"https:\/\/api.w.org\/{rel}","templated":true}]}}