{"id":34444,"date":"2015-08-06T09:40:55","date_gmt":"2015-08-06T12:40:55","guid":{"rendered":"http:\/\/argentinamunicipal.com.ar\/argentina\/?p=34444"},"modified":"2015-08-06T09:40:55","modified_gmt":"2015-08-06T12:40:55","slug":"rosario-recuerda-hoy-la-peor-tragedia-de-su-historia-la-explosion-en-salta-2141","status":"publish","type":"post","link":"http:\/\/argentinamunicipal.com.ar\/argentina\/rosario-recuerda-hoy-la-peor-tragedia-de-su-historia-la-explosion-en-salta-2141\/","title":{"rendered":"Rosario recuerda hoy la peor tragedia de su historia: la explosi\u00f3n en Salta 2141"},"content":{"rendered":"<p><a href=\"http:\/\/argentinamunicipal.com.ar\/argentina\/wp-content\/uploads\/2015\/08\/92587_rosario.jpg\"><img loading=\"lazy\" decoding=\"async\" class=\"aligncenter size-full wp-image-34445\" src=\"http:\/\/argentinamunicipal.com.ar\/argentina\/wp-content\/uploads\/2015\/08\/92587_rosario.jpg\" alt=\"92587_rosario\" width=\"544\" height=\"293\" srcset=\"http:\/\/argentinamunicipal.com.ar\/argentina\/wp-content\/uploads\/2015\/08\/92587_rosario.jpg 544w, http:\/\/argentinamunicipal.com.ar\/argentina\/wp-content\/uploads\/2015\/08\/92587_rosario-300x162.jpg 300w\" sizes=\"auto, (max-width: 544px) 100vw, 544px\" \/><\/a><br \/>\nA las 9.38, hora en que se desencaden\u00f3 el desastre, las sirenas de los bomberos marcar\u00e1n el inicio del acto.<\/p>\n<p>Acompa\u00f1ados de amigos, vecinos y artistas locales, los familiares de las 22 v\u00edctimas de la explosi\u00f3n de Salta 2141 se instalaron durante la tarde de ayer en la zona misma de la tragedia para llevar adelante lo que llamaron \u00abuna vigilia cultural por memoria y justicia\u00bb. All\u00ed pasaron la noche a la espera de las 9.38 de hoy, cuando sonar\u00e1n nuevamente las sirenas de los bomberos y se iniciar\u00e1 el acto central a dos a\u00f1os del siniestro. El pedido de justicia, la prisi\u00f3n para los responsables y la expropiaci\u00f3n del terreno donde hasta el 6 de agosto de 2013 se levantaban las torres, ser\u00e1n nuevamente las principales reivindicaciones de las familias de las v\u00edctimas.<\/p>\n<p>Al final de la tarde de ayer, cuando el sol bajaba, las familias y sobrevivientes comenzaron a instalarse en la esquina de Salta y Oro\u00f1o, y el tr\u00e1nsito qued\u00f3 nuevamente interrumpido. As\u00ed, con la ayuda de la Secretar\u00eda de Cultura de la Municipalidad, comenz\u00f3 la vigilia cultural, organizada como espacio de espera de cara a un segundo aniversario y a la ceremonia conmemorativa.<\/p>\n<p>Como durante los d\u00edas posteriores a la explosi\u00f3n, los ex combatientes de Malvinas acompa\u00f1aron toda la noche esa espera de los familiares. Se instalaron con su cocina de campa\u00f1a, donde ayudan a mitigar el fr\u00edo de la madrugada y en las primeras horas de hoy, ofrecer\u00e1n un desayuno.<\/p>\n<p>A lo largo de las m\u00e1s de 14 horas que familiares y amigos estar\u00e1n en el lugar, tambi\u00e9n artistas locales dar\u00e1n su apoyo y su voz.<\/p>\n<p>Ese es el caso del l\u00edder de la banda de rock Patagonia Revelde, Fran Funes, que estar\u00e1 presente con su m\u00fasica; y adem\u00e1s se pondr\u00e1n en exhibici\u00f3n unas 50 fotograf\u00edas tanto de profesionales como de aficionados de los dram\u00e1ticos d\u00edas que comenzaron con la explosi\u00f3n y se extendieron durante seis jornadas de b\u00fasqueda de sobrevivientes.<\/p>\n<p>Memoria y justicia. Pasada la noche, el momento clave ser\u00e1 hoy, a las 9.38, cuando las sirenas de los bomberos vuelvan a sonar y recuerden el inicio de la tragedia, los 22 muertos, el trabajo sin descanso de rescatistas y bomberos en la b\u00fasqueda de quienes estaban entre los escombros de lo que eran las torres.<\/p>\n<p>Como el a\u00f1o pasado, de esa manera y con el recuerdo del inicio de la pesadilla, comenzar\u00e1 el acto central, donde los familiares volver\u00e1n a reclamar por justicia y evocar\u00e1n a las v\u00edctimas. \u00abPretendemos que todos vayan presos\u00bb, plantearon d\u00edas atr\u00e1s; e insistieron en que el terreno donde se levantaban las torres debe ser expropiado y permanecer como espacio de memoria.<\/p>\n<p>\u00abEs un espacio que le pertenece a la gente que dej\u00f3 su vida ah\u00ed. Ser\u00eda un acto de justicia y un recordatorio de que lo ocurrido no tiene que volver a pasar\u00bb, repitieron en estos d\u00edas en que el debate volvi\u00f3 a instalarse con el anuncio de la intendenta, M\u00f3nica Fein, que presentar\u00e1 en el Concejo Municipal un proyecto que pretende mantener el espacio como sitio de memoria y de enclave de actividades culturales.<\/p>\n<p>El acto. Esas reivindicaciones se plantear\u00e1n durante la ceremonia, pero adem\u00e1s estar\u00e1 nuevamente el recuerdo y la evocaci\u00f3n de cada uno de los 22 fallecidos en la explosi\u00f3n.<\/p>\n<p>Para el final, est\u00e1 previsto un espacio religioso, con una misa a cargo del vicario general del Arzobispado de Rosario, monse\u00f1or Emilio Cardarelli; y en el cierre de la ceremonia, nuevamente estar\u00e1 la m\u00fasica, en la presencia y la voz de la cantante rosarina Cecilia Petroccelli.<\/p>\n<h6>Fuente: La Capital, Rosario<\/h6>\n","protected":false},"excerpt":{"rendered":"<p>A las 9.38, hora en que se desencaden\u00f3 el desastre, las sirenas de los bomberos marcar\u00e1n el inicio del acto. Acompa\u00f1ados de amigos, vecinos y artistas locales, los familiares de las 22 v\u00edctimas de la explosi\u00f3n de Salta 2141 se instalaron durante la tarde de ayer en la zona misma de la tragedia para llevar<\/p>\n","protected":false},"author":2,"featured_media":34445,"comment_status":"closed","ping_status":"closed","sticky":false,"template":"","format":"standard","meta":{"footnotes":""},"categories":[2],"tags":[10],"class_list":["post-34444","post","type-post","status-publish","format-standard","has-post-thumbnail","hentry","category-informe-municipal","tag-santa-fe"],"_links":{"self":[{"href":"http:\/\/argentinamunicipal.com.ar\/argentina\/wp-json\/wp\/v2\/posts\/34444","targetHints":{"allow":["GET"]}}],"collection":[{"href":"http:\/\/argentinamunicipal.com.ar\/argentina\/wp-json\/wp\/v2\/posts"}],"about":[{"href":"http:\/\/argentinamunicipal.com.ar\/argentina\/wp-json\/wp\/v2\/types\/post"}],"author":[{"embeddable":true,"href":"http:\/\/argentinamunicipal.com.ar\/argentina\/wp-json\/wp\/v2\/users\/2"}],"replies":[{"embeddable":true,"href":"http:\/\/argentinamunicipal.com.ar\/argentina\/wp-json\/wp\/v2\/comments?post=34444"}],"version-history":[{"count":0,"href":"http:\/\/argentinamunicipal.com.ar\/argentina\/wp-json\/wp\/v2\/posts\/34444\/revisions"}],"wp:featuredmedia":[{"embeddable":true,"href":"http:\/\/argentinamunicipal.com.ar\/argentina\/wp-json\/wp\/v2\/media\/34445"}],"wp:attachment":[{"href":"http:\/\/argentinamunicipal.com.ar\/argentina\/wp-json\/wp\/v2\/media?parent=34444"}],"wp:term":[{"taxonomy":"category","embeddable":true,"href":"http:\/\/argentinamunicipal.com.ar\/argentina\/wp-json\/wp\/v2\/categories?post=34444"},{"taxonomy":"post_tag","embeddable":true,"href":"http:\/\/argentinamunicipal.com.ar\/argentina\/wp-json\/wp\/v2\/tags?post=34444"}],"curies":[{"name":"wp","href":"https:\/\/api.w.org\/{rel}","templated":true}]}}