{"id":34447,"date":"2015-08-06T09:43:01","date_gmt":"2015-08-06T12:43:01","guid":{"rendered":"http:\/\/argentinamunicipal.com.ar\/argentina\/?p=34447"},"modified":"2015-08-06T09:43:01","modified_gmt":"2015-08-06T12:43:01","slug":"a-fin-de-ano-comenzaria-a-funcionar-la-zona-franca-en-villa-constitucion","status":"publish","type":"post","link":"http:\/\/argentinamunicipal.com.ar\/argentina\/a-fin-de-ano-comenzaria-a-funcionar-la-zona-franca-en-villa-constitucion\/","title":{"rendered":"A fin de a\u00f1o comenzar\u00eda a funcionar la zona franca en Villa Constituci\u00f3n"},"content":{"rendered":"<div id=\"attachment_34448\" style=\"width: 631px\" class=\"wp-caption aligncenter\"><a href=\"http:\/\/argentinamunicipal.com.ar\/argentina\/wp-content\/uploads\/2015\/08\/08-06-Lr2201.jpg_88717827.jpg\"><img loading=\"lazy\" decoding=\"async\" aria-describedby=\"caption-attachment-34448\" class=\"size-full wp-image-34448\" src=\"http:\/\/argentinamunicipal.com.ar\/argentina\/wp-content\/uploads\/2015\/08\/08-06-Lr2201.jpg_88717827.jpg\" alt=\"Avanzando. El proyecto va tomando forma con la construcci\u00f3n de oficinas y adaptaciones para un parque industrial.\" width=\"621\" height=\"465\" srcset=\"http:\/\/argentinamunicipal.com.ar\/argentina\/wp-content\/uploads\/2015\/08\/08-06-Lr2201.jpg_88717827.jpg 621w, http:\/\/argentinamunicipal.com.ar\/argentina\/wp-content\/uploads\/2015\/08\/08-06-Lr2201.jpg_88717827-300x225.jpg 300w\" sizes=\"auto, (max-width: 621px) 100vw, 621px\" \/><\/a><p id=\"caption-attachment-34448\" class=\"wp-caption-text\">Avanzando. El proyecto va tomando forma con la construcci\u00f3n de oficinas y adaptaciones para un parque industrial.<\/p><\/div>\n<p>Industrial y comercial. Las obras correspondientes a la primera etapa ya est\u00e1n en marcha. Se realizan los estudios de prefactibilidad para la construcci\u00f3n de\u00a0un puerto multiprop\u00f3sito.<\/p>\n<p>El proyecto para la puesta en marcha de una zona franca en Villa Constituci\u00f3n, la und\u00e9cima en el pa\u00eds, avanza a paso firme con el inicio de las obras correspondientes a la primera etapa de infraestructura, a cargo de una sociedad an\u00f3nima, integrada por cinco empresas mayoritariamente de Rosario.<\/p>\n<p>\u00abLas obras avanzan r\u00e1pidamente, estamos con muchos \u00e1nimos de poder terminar y poder comenzar a funcionar antes del cierre de 2015\u00bb, anunci\u00f3 uno de los directivos y adelant\u00f3 que se realizan los estudios de prefactibilidad para la construcci\u00f3n, en el mismo predio, de un muelle multiprop\u00f3sito que ofrecer\u00e1 una significativa ventaja comparativa a las industrias que se radiquen en el lugar.<\/p>\n<p>La iniciativa ha atravesado un derrotero de 20 a\u00f1os de marchas y contratiempos hasta que finalmente fue adjudicada el a\u00f1o pasado a Zofravilla SA, integrada por las firmas Cereales del Sur SA, Red Flint Warrants SRL, Mart\u00edn Gonz\u00e1lez, PTP Group SA y Worcap SA. La concesi\u00f3n es por 30 a\u00f1os, con la posibilidad de construir un puerto multiprop\u00f3sito sobre la ribera villense, entre la ruta 21 y el r\u00edo Paran\u00e1, contiguo a la planta de Ac\u00edndar, a 55 kil\u00f3metros de Rosario. Ser\u00e1 un \u00e1mbito no arancelario, a desarrollarse sobre un predio de unas 56 hect\u00e1reas.<\/p>\n<p>El emprendimiento servir\u00e1 para promover la radicaci\u00f3n de industrias, crear empleo, y adem\u00e1s, permitir\u00e1 atraer inversiones y diversificar exportaciones.<\/p>\n<p><strong>Primeros pasos.<\/strong> Por estos d\u00edas, el predio costero comienza a lucir sus primeras transformaciones en el espacio destinado a las obras b\u00e1sicas, como oficinas, una zona intermedia para la verificaci\u00f3n y control aduanero y la adecuaci\u00f3n del sector (apertura de calles, nivelaci\u00f3n del suelo, entre otras tareas) donde se emplazar\u00e1n las empresas que van a funcionar en una especie de parque industrial. Esta ser\u00e1 la primera etapa que, de cumplir con todas las habilitaciones correspondientes, ser\u00e1 el pelda\u00f1o para arrancar con la actividad a fin de a\u00f1o. Con las empresas ya instaladas, en adelante se dar\u00e1 lugar al resto de las tres etapas previstas para la actividad en pleno en este territorio considerado exterior.<\/p>\n<p><strong>Ventajas.<\/strong> El proyecto se constituye como una zona industrial y comercial, en la cual se podr\u00e1n instalar empresas de variada \u00edndole, que podr\u00e1n importar y exportar mercader\u00eda con importantes exenciones impositivas, y adem\u00e1s, elaborar productos desde cero, agregar valor o transformarlos. Esto permite la agilizaci\u00f3n del comercio, garantiza competitividad, promueve la diversificaci\u00f3n de la matriz productiva de la ciudad y la creaci\u00f3n de un n\u00famero considerable puestos laborales.<\/p>\n<p>Siendo la conectividad un factor clave para el desarrollo sostenible de este tipo de emprendimientos, la ubicaci\u00f3n geogr\u00e1fica, la cercan\u00eda con grandes metr\u00f3polis, la existencia de autov\u00edas, el acceso a ramales ferroviarios y la pertenencia a la hidrov\u00eda, suponen ventajas competitivas para las empresas que se instalen dentro del predio villense.<\/p>\n<p>Seg\u00fan Diego Nieves, ejecutivo de PTP Group, una compa\u00f1\u00eda especializada en log\u00edstica portuaria, desde el manejo de mercader\u00edas de exportaci\u00f3n como de importaci\u00f3n, y tratamiento de las cargas, \u00abesta zona franca tiene muy buenos accesos, es la \u00fanica que tiene l\u00ednea al agua, y es industrial, lo que lleva que las empresas que se instalen podr\u00e1n realizar procesos productivos para exportaci\u00f3n\u00bb, explic\u00f3 Nieves a la productora villense Grupo del Sur. \u00abHay una expectativa muy grande a partir de la cantidad de empresas interesadas que nos hacen consultas\u00bb; desde el exterior y pymes, que viene siguiendo de cerca el tema. Por eso nosotros tambi\u00e9n estamos apurados\u00bb, concluy\u00f3.<\/p>\n<h6>Fuente: La Capital, Rosario<\/h6>\n","protected":false},"excerpt":{"rendered":"<p>Industrial y comercial. Las obras correspondientes a la primera etapa ya est\u00e1n en marcha. Se realizan los estudios de prefactibilidad para la construcci\u00f3n de\u00a0un puerto multiprop\u00f3sito. El proyecto para la puesta en marcha de una zona franca en Villa Constituci\u00f3n, la und\u00e9cima en el pa\u00eds, avanza a paso firme con el inicio de las obras<\/p>\n","protected":false},"author":2,"featured_media":34448,"comment_status":"closed","ping_status":"closed","sticky":false,"template":"","format":"standard","meta":{"footnotes":""},"categories":[2],"tags":[10],"class_list":["post-34447","post","type-post","status-publish","format-standard","has-post-thumbnail","hentry","category-informe-municipal","tag-santa-fe"],"_links":{"self":[{"href":"http:\/\/argentinamunicipal.com.ar\/argentina\/wp-json\/wp\/v2\/posts\/34447","targetHints":{"allow":["GET"]}}],"collection":[{"href":"http:\/\/argentinamunicipal.com.ar\/argentina\/wp-json\/wp\/v2\/posts"}],"about":[{"href":"http:\/\/argentinamunicipal.com.ar\/argentina\/wp-json\/wp\/v2\/types\/post"}],"author":[{"embeddable":true,"href":"http:\/\/argentinamunicipal.com.ar\/argentina\/wp-json\/wp\/v2\/users\/2"}],"replies":[{"embeddable":true,"href":"http:\/\/argentinamunicipal.com.ar\/argentina\/wp-json\/wp\/v2\/comments?post=34447"}],"version-history":[{"count":0,"href":"http:\/\/argentinamunicipal.com.ar\/argentina\/wp-json\/wp\/v2\/posts\/34447\/revisions"}],"wp:featuredmedia":[{"embeddable":true,"href":"http:\/\/argentinamunicipal.com.ar\/argentina\/wp-json\/wp\/v2\/media\/34448"}],"wp:attachment":[{"href":"http:\/\/argentinamunicipal.com.ar\/argentina\/wp-json\/wp\/v2\/media?parent=34447"}],"wp:term":[{"taxonomy":"category","embeddable":true,"href":"http:\/\/argentinamunicipal.com.ar\/argentina\/wp-json\/wp\/v2\/categories?post=34447"},{"taxonomy":"post_tag","embeddable":true,"href":"http:\/\/argentinamunicipal.com.ar\/argentina\/wp-json\/wp\/v2\/tags?post=34447"}],"curies":[{"name":"wp","href":"https:\/\/api.w.org\/{rel}","templated":true}]}}