{"id":34492,"date":"2015-08-07T08:29:08","date_gmt":"2015-08-07T11:29:08","guid":{"rendered":"http:\/\/argentinamunicipal.com.ar\/argentina\/?p=34492"},"modified":"2015-08-07T08:29:08","modified_gmt":"2015-08-07T11:29:08","slug":"presupuesto-ciudadano-en-rafaela-concejo-aprobo-las-obras","status":"publish","type":"post","link":"http:\/\/argentinamunicipal.com.ar\/argentina\/presupuesto-ciudadano-en-rafaela-concejo-aprobo-las-obras\/","title":{"rendered":"Presupuesto Ciudadano en Rafaela: Concejo aprob\u00f3 las obras"},"content":{"rendered":"<p><a href=\"http:\/\/argentinamunicipal.com.ar\/argentina\/wp-content\/uploads\/2015\/08\/multimedia.grande.814933a987b2479f.6772616e64652e6a7067.jpg\"><img loading=\"lazy\" decoding=\"async\" class=\"aligncenter  wp-image-34493\" src=\"http:\/\/argentinamunicipal.com.ar\/argentina\/wp-content\/uploads\/2015\/08\/multimedia.grande.814933a987b2479f.6772616e64652e6a7067.jpg\" alt=\"multimedia.grande.814933a987b2479f.6772616e64652e6a7067\" width=\"649\" height=\"487\" srcset=\"http:\/\/argentinamunicipal.com.ar\/argentina\/wp-content\/uploads\/2015\/08\/multimedia.grande.814933a987b2479f.6772616e64652e6a7067.jpg 1200w, http:\/\/argentinamunicipal.com.ar\/argentina\/wp-content\/uploads\/2015\/08\/multimedia.grande.814933a987b2479f.6772616e64652e6a7067-300x225.jpg 300w, http:\/\/argentinamunicipal.com.ar\/argentina\/wp-content\/uploads\/2015\/08\/multimedia.grande.814933a987b2479f.6772616e64652e6a7067-1024x768.jpg 1024w\" sizes=\"auto, (max-width: 649px) 100vw, 649px\" \/><\/a><br \/>\nEl Concejo Municipal aprob\u00f3 ayer las obras del Presupuesto Ciudadano 2014-2015. A partir de ahora, queda allanado el camino para poder concretar los llamados a licitaci\u00f3n de las cuatro obras votadas el a\u00f1o pasado.<\/p>\n<p>Recordemos que son la reforma en el Balneario Municipal, la intervenci\u00f3n de avenida Salva y de los Galpones del Nuevo Central Argentino y la reforma de la avenida Arist\u00f3bulo del Valle (la \u00fanica que se har\u00e1 en una \u00fanica etapa).<\/p>\n<p>S\u00f3lo las primeras etapas suman 15 millones de pesos y ser\u00e1n $30.200 millones para su ejecuci\u00f3n completa. El monto de lo que se invertir\u00e1 gener\u00f3 algunos intercambios de opiniones, m\u00e1s all\u00e1 de que el proyecto de ordenanza fue aprobado por unanimidad.<\/p>\n<p>Hugo Menossi hizo alusi\u00f3n en que \u00abse puso mucha plata en el Balneario y deber\u00edamos invertir m\u00e1s en educaci\u00f3n para que la gente no rompa algo que es suyo\u00bb. Tambi\u00e9n abri\u00f3 la puerta a un futuro debate: \u00bfse puede utilizar este dinero para mejorar el servicio de agua potable y\/o cloacas en los barrios?<\/p>\n<p>Tanto Marcelo Lombardo, como Natalia Enrico y Germ\u00e1n Bottero mostraron posturas similares, aunque con diferentes argumentos: las obras llegan a los barrios pero no con la velocidad que los vecinos demandan, el planteo merece ser discutido, aunque quiz\u00e1s se perder\u00eda el objetivo del programa.<\/p>\n<p>Ra\u00fal \u00abLalo\u00bb Bonino, a su turno, dijo \u00abparecer\u00eda que hay una discrecionalidad a la hora de concretar obras elegidas por la ciudadan\u00eda\u00bb, en referencia al atraso en la construcci\u00f3n de la vecinal del barrio Juan de Garay.<\/p>\n<p>Tambi\u00e9n se aprob\u00f3 una ordenanza a partir de la cual se eliminan cualquier tipo de escollo administrativo para la construcci\u00f3n de las 59 casas del plan Techo Digno y dos resoluciones: una por los 120 a\u00f1os del Tiro Federal (ver p\u00e1gina 13) y otra por la semana de la lactancia materna.<\/p>\n<h6>Fuente: La Opini\u00f3n<\/h6>\n","protected":false},"excerpt":{"rendered":"<p>El Concejo Municipal aprob\u00f3 ayer las obras del Presupuesto Ciudadano 2014-2015. A partir de ahora, queda allanado el camino para poder concretar los llamados a licitaci\u00f3n de las cuatro obras votadas el a\u00f1o pasado. Recordemos que son la reforma en el Balneario Municipal, la intervenci\u00f3n de avenida Salva y de los Galpones del Nuevo Central<\/p>\n","protected":false},"author":2,"featured_media":34493,"comment_status":"closed","ping_status":"closed","sticky":false,"template":"","format":"standard","meta":{"footnotes":""},"categories":[2],"tags":[10],"class_list":["post-34492","post","type-post","status-publish","format-standard","has-post-thumbnail","hentry","category-informe-municipal","tag-santa-fe"],"_links":{"self":[{"href":"http:\/\/argentinamunicipal.com.ar\/argentina\/wp-json\/wp\/v2\/posts\/34492","targetHints":{"allow":["GET"]}}],"collection":[{"href":"http:\/\/argentinamunicipal.com.ar\/argentina\/wp-json\/wp\/v2\/posts"}],"about":[{"href":"http:\/\/argentinamunicipal.com.ar\/argentina\/wp-json\/wp\/v2\/types\/post"}],"author":[{"embeddable":true,"href":"http:\/\/argentinamunicipal.com.ar\/argentina\/wp-json\/wp\/v2\/users\/2"}],"replies":[{"embeddable":true,"href":"http:\/\/argentinamunicipal.com.ar\/argentina\/wp-json\/wp\/v2\/comments?post=34492"}],"version-history":[{"count":0,"href":"http:\/\/argentinamunicipal.com.ar\/argentina\/wp-json\/wp\/v2\/posts\/34492\/revisions"}],"wp:featuredmedia":[{"embeddable":true,"href":"http:\/\/argentinamunicipal.com.ar\/argentina\/wp-json\/wp\/v2\/media\/34493"}],"wp:attachment":[{"href":"http:\/\/argentinamunicipal.com.ar\/argentina\/wp-json\/wp\/v2\/media?parent=34492"}],"wp:term":[{"taxonomy":"category","embeddable":true,"href":"http:\/\/argentinamunicipal.com.ar\/argentina\/wp-json\/wp\/v2\/categories?post=34492"},{"taxonomy":"post_tag","embeddable":true,"href":"http:\/\/argentinamunicipal.com.ar\/argentina\/wp-json\/wp\/v2\/tags?post=34492"}],"curies":[{"name":"wp","href":"https:\/\/api.w.org\/{rel}","templated":true}]}}