{"id":34495,"date":"2015-08-07T08:37:59","date_gmt":"2015-08-07T11:37:59","guid":{"rendered":"http:\/\/argentinamunicipal.com.ar\/argentina\/?p=34495"},"modified":"2015-08-07T08:37:59","modified_gmt":"2015-08-07T11:37:59","slug":"crearon-en-el-concejo-municipal-de-santa-fe-el-sistema-de-preservacion-historico-del-adoquinado","status":"publish","type":"post","link":"http:\/\/argentinamunicipal.com.ar\/argentina\/crearon-en-el-concejo-municipal-de-santa-fe-el-sistema-de-preservacion-historico-del-adoquinado\/","title":{"rendered":"Crearon en el Concejo Municipal de Santa Fe el Sistema de Preservaci\u00f3n Hist\u00f3rico del Adoquinado"},"content":{"rendered":"<p><a href=\"http:\/\/argentinamunicipal.com.ar\/argentina\/wp-content\/uploads\/2015\/08\/0000867351.jpg\"><img loading=\"lazy\" decoding=\"async\" class=\"aligncenter size-full wp-image-34496\" src=\"http:\/\/argentinamunicipal.com.ar\/argentina\/wp-content\/uploads\/2015\/08\/0000867351.jpg\" alt=\"0000867351\" width=\"601\" height=\"341\" srcset=\"http:\/\/argentinamunicipal.com.ar\/argentina\/wp-content\/uploads\/2015\/08\/0000867351.jpg 601w, http:\/\/argentinamunicipal.com.ar\/argentina\/wp-content\/uploads\/2015\/08\/0000867351-300x170.jpg 300w\" sizes=\"auto, (max-width: 601px) 100vw, 601px\" \/><\/a><br \/>\nLa normativa tiene como finalidad la protecci\u00f3n y el mantenimiento de aquellas calles que conserven su empedrado y se encuentren en entornos urbanos a preservar. La iniciativa fue llevada al Recinto por la concejala Vanesa Oddi y cont\u00f3 con el aval de todos sus pares.<\/p>\n<p>El Concejo Municipal aprob\u00f3 este jueves un Proyecto de Ordenanza que determina la creaci\u00f3n del \u201cSistema de Preservaci\u00f3n Hist\u00f3rico Patrimonial del Adoquinado\u201d. Con la propuesta, presentada por la concejala Vanesa Oddi (FPCyS-PS), se pretende contribuir a la conservaci\u00f3n del patrimonio hist\u00f3rico de la ciudad por medio del cuidado de diferentes arterias tradicionales.<\/p>\n<p>Vanesa Oddi manifest\u00f3 que \u201cdesde el Bloque Socialista entendemos que el patrimonio se constituye de diversos elementos tangibles e intangibles. Es decir, que consideramos que lo patrimonial, est\u00e1 ligado a c\u00f3mo lo heredado por generaciones pasadas, se hace presente en cada una y cada uno de nosotros en la actualidad; pero al mismo tiempo, se proyecta en la historia, en la identidad, en el acervo mas propio y colectivo de una comunidad como una marca significativa, con perspectiva de futuro\u201d.<\/p>\n<p>La Concejala continu\u00f3 m\u00e1s adelante: \u201cTodo desarrollo urbano, particularmente a nivel local, que aspire a generar integraci\u00f3n y memoria colectiva, identidad y pertenencia ciudadana debe superar la idea de preservaci\u00f3n como sin\u00f3nimo de conservaci\u00f3n, debe dejar de ver la ciudad como un museo para en cambio, recuperarla y habitarla, darle vida, pluralidad, movimiento, accesibilidad, socializaci\u00f3n, masividad. Otorgarle a la historia patrimonial, a la belleza y a lo p\u00fablico el rango de derechos y de bienes colectivos, d\u00e1ndole de este modo, un significado diferente y profundo a la preservaci\u00f3n\u201d, asever\u00f3 Oddi.<\/p>\n<p><strong>Cuidado del patrimonio<\/strong><\/p>\n<p>La Ordenanza tiene como objetivo valorizar los elementos hist\u00f3ricos culturales que integran la memoria colectiva de la sociedad. Adem\u00e1s, se promover\u00e1 la incorporaci\u00f3n y cualificaci\u00f3n de aquellas calles que conserven su adoquinado al circuito tur\u00edstico de la ciudad. Para ello, las propuestas ser\u00e1n analizadas por la Comisi\u00f3n \u00a0Municipal de Defensa del Patrimonio Cultural de la ciudad la que emitir\u00e1 dictamen fundado respecto de la pertinencia o no de la inclusi\u00f3n de las mismas en un Registro.<\/p>\n<p>El Ejecutivo Municipal ser\u00e1 el encargado de dise\u00f1ar e implementar un plan de mantenimiento de los sectores de la ciudad incluidos en el sistema, teniendo en cuenta criterios de higiene, seguridad vial, est\u00e9tica urbana y tutela patrimonial.<\/p>\n<h6>Fuente: Uno, Santa Fe<\/h6>\n","protected":false},"excerpt":{"rendered":"<p>La normativa tiene como finalidad la protecci\u00f3n y el mantenimiento de aquellas calles que conserven su empedrado y se encuentren en entornos urbanos a preservar. La iniciativa fue llevada al Recinto por la concejala Vanesa Oddi y cont\u00f3 con el aval de todos sus pares. El Concejo Municipal aprob\u00f3 este jueves un Proyecto de Ordenanza<\/p>\n","protected":false},"author":2,"featured_media":34496,"comment_status":"closed","ping_status":"closed","sticky":false,"template":"","format":"standard","meta":{"footnotes":""},"categories":[2],"tags":[10],"class_list":["post-34495","post","type-post","status-publish","format-standard","has-post-thumbnail","hentry","category-informe-municipal","tag-santa-fe"],"_links":{"self":[{"href":"http:\/\/argentinamunicipal.com.ar\/argentina\/wp-json\/wp\/v2\/posts\/34495","targetHints":{"allow":["GET"]}}],"collection":[{"href":"http:\/\/argentinamunicipal.com.ar\/argentina\/wp-json\/wp\/v2\/posts"}],"about":[{"href":"http:\/\/argentinamunicipal.com.ar\/argentina\/wp-json\/wp\/v2\/types\/post"}],"author":[{"embeddable":true,"href":"http:\/\/argentinamunicipal.com.ar\/argentina\/wp-json\/wp\/v2\/users\/2"}],"replies":[{"embeddable":true,"href":"http:\/\/argentinamunicipal.com.ar\/argentina\/wp-json\/wp\/v2\/comments?post=34495"}],"version-history":[{"count":0,"href":"http:\/\/argentinamunicipal.com.ar\/argentina\/wp-json\/wp\/v2\/posts\/34495\/revisions"}],"wp:featuredmedia":[{"embeddable":true,"href":"http:\/\/argentinamunicipal.com.ar\/argentina\/wp-json\/wp\/v2\/media\/34496"}],"wp:attachment":[{"href":"http:\/\/argentinamunicipal.com.ar\/argentina\/wp-json\/wp\/v2\/media?parent=34495"}],"wp:term":[{"taxonomy":"category","embeddable":true,"href":"http:\/\/argentinamunicipal.com.ar\/argentina\/wp-json\/wp\/v2\/categories?post=34495"},{"taxonomy":"post_tag","embeddable":true,"href":"http:\/\/argentinamunicipal.com.ar\/argentina\/wp-json\/wp\/v2\/tags?post=34495"}],"curies":[{"name":"wp","href":"https:\/\/api.w.org\/{rel}","templated":true}]}}