{"id":34534,"date":"2015-08-07T09:15:07","date_gmt":"2015-08-07T12:15:07","guid":{"rendered":"http:\/\/argentinamunicipal.com.ar\/argentina\/?p=34534"},"modified":"2015-08-07T09:15:07","modified_gmt":"2015-08-07T12:15:07","slug":"estar-ahi-cuando-el-estado-se-hace-cargo-de-las-necesidades-del-pueblo","status":"publish","type":"post","link":"http:\/\/argentinamunicipal.com.ar\/argentina\/estar-ahi-cuando-el-estado-se-hace-cargo-de-las-necesidades-del-pueblo\/","title":{"rendered":"\u00abEstar ah\u00ed\u00bb, cuando el Estado se hace cargo de las necesidades del pueblo"},"content":{"rendered":"<p>El Ministerio de Desarrollo Social lleva adelante un programa para articular el trabajo de diferentes ministerios en los barrios de distintas localidades del pa\u00eds con el objetivo de que \u00abel Estado llegue a cada rinc\u00f3n de la patria\u00bb.<\/p>\n<p>En el marco del Consejo Nacional de Coordinaci\u00f3n de Pol\u00edticas Sociales que preside la ministra de Desarrollo Social, Alicia Kirchner, las jornadas \u00abEstar Ah\u00ed\u00bb articulan, en un mismo dispositivo, todas las pol\u00edticas de inclusi\u00f3n del Estado. L\u00bbas dificultades de los sectores postergados no son competencia de un solo ministerio y no se resuelven con programas sociales enlatados, sino que se abordan de manera integral\u00bb, esa es la idea que preside este programa.<\/p>\n<p>\u00abEl Estar Ah\u00ed\u00bb pretende \u00abacercar las pol\u00edticas del Gobierno nacional a los barrios\u00bb: As\u00ed lo explic\u00f3 a T\u00e9lam la coordinadora del programa, Valeria Zalazar, al detallar que participan de los operativos todos los ministerios nacionales, la Anses, y \u00a0el Pami entre otros organismos oficiales.<\/p>\n<p>Durante los operaticos de Estar ah\u00ed, los ciudadanos pueden tramitar pensiones, hacer consultas m\u00e9dicas, realizar tr\u00e1mites de AUH, informarse sobre el Procrear, acceder a un decodificador para la TDA, anotarse en el plan Fines para terminar sus estudios o inscribirse en el Progresar.<\/p>\n<p>\u00abEste Estado presente se acerca a la vuelta de tu casa y te toca la puerta para preguntarte c\u00f3mo est\u00e1s\u00bb, resalt\u00f3 Zalazar y agreg\u00f3 que es tambi\u00e9n \u00abel que acerca las pol\u00edticas de inclusi\u00f3n, para que los vecinos puedan acceder a derechos y que los puedan hacer efectivos. El\u00a0Estar Ah\u00ed es el Estado presente en los barrio atendiendo al vecino\u00bb.<\/p>\n<p>\u00abEs necesario dar una respuesta de manera integral\u00bb, puntualiz\u00f3 la coordinadora del programa y detall\u00f3 el trabajo que los organismos estatales cumplen en estas jornadas multiministeriales que llega a los barrios con carpas, combis y camiones para desplegar un operativo que moviliza a m\u00e1s de 150 empleados del Estado, busca solucionar problemas de manera inmediata.<\/p>\n<p>Los operativos tienen tambi\u00e9n la particularidad de convocar a los vecinos a formar parte de ese Estado que da soluciones. Es el caso de Emiliano, un vecino de Moreno que luego de consultar por tr\u00e1mites se involucr\u00f3 activamente en la jornada llevafda adelante en el barrio \u00abLas Catonas\u00bb.<\/p>\n<p>\u00abComo vecino me siento orgulloso de formar parte de esta pol\u00edtica nueva en los barrios\u00bb, enfatiz\u00f3 el joven y detall\u00f3 que la gente \u00abes la que ayuda a que estos operativos se realicen\u00bb.<\/p>\n<p>Otro dato fundamental de este programa es que cada operativo es particular, acorde a las necesidades de ese barrio, que surgen de un relevamiento previo.<\/p>\n<p>En el operativo dispuesto en el barrio La Esperanza de Alejandro Korn, partido de San Vicente, hab\u00eda m\u00e1s de ocho carpas de los diferentes Ministerios atendiendo consultas.<\/p>\n<p>A unas calles cercanas de la plaza en la que se dispuso la jornada multiministerial, frente a la UDAI local, una gran cantidad de gente hac\u00eda fila frente al cami\u00f3n del Ministerio del Interior para hacerse en el d\u00eda su nuevo DNI.<\/p>\n<p>Similar era la situaci\u00f3n en el operativo que cerr\u00f3 la semana pasada en Almirante Brown: All\u00ed pod\u00eda verse a los vecinos de la zona haciendo sus tr\u00e1mites mientras de fondo sonabala m\u00fasica de Los Charros que preparaban el sonido para cerrar la jornada en el escenario dispuesto por la Subsecretaria de Juventud, que como resalt\u00f3 Valeria, \u00abes la encargada de llevar la alegr\u00eda a las jornadas\u00bb con juegos, deportes, m\u00fasica e inflables para los m\u00e1s chicos que llegan acompa\u00f1ados de sus padres.<\/p>\n<p>Este programa se propone resolver las necesidades m\u00e1s urgentes de los vecinos y adem\u00e1s apunta a acercar diferentes propuestas culturales, como la posibilidad de organizar paseos a Tecn\u00f3polis o al Centro Cultural N\u00e9stor Kirchner.<\/p>\n<p>Como lo describi\u00f3 Alicia Kirchner, \u00abEstar Ah\u00ed\u00bb es una pol\u00edtica que propone \u00abuna Argentina de derechos, donde el Estado se hace cargo y acerca oportunidades permanentemente\u00bb.<\/p>\n<h6>Fuente: T\u00e9lam<\/h6>\n","protected":false},"excerpt":{"rendered":"<p>El Ministerio de Desarrollo Social lleva adelante un programa para articular el trabajo de diferentes ministerios en los barrios de distintas localidades del pa\u00eds con el objetivo de que \u00abel Estado llegue a cada rinc\u00f3n de la patria\u00bb. En el marco del Consejo Nacional de Coordinaci\u00f3n de Pol\u00edticas Sociales que preside la ministra de Desarrollo<\/p>\n","protected":false},"author":2,"featured_media":0,"comment_status":"closed","ping_status":"closed","sticky":false,"template":"","format":"standard","meta":{"footnotes":""},"categories":[8],"tags":[21],"class_list":["post-34534","post","type-post","status-publish","format-standard","hentry","category-informe-nacional","tag-argentina"],"_links":{"self":[{"href":"http:\/\/argentinamunicipal.com.ar\/argentina\/wp-json\/wp\/v2\/posts\/34534","targetHints":{"allow":["GET"]}}],"collection":[{"href":"http:\/\/argentinamunicipal.com.ar\/argentina\/wp-json\/wp\/v2\/posts"}],"about":[{"href":"http:\/\/argentinamunicipal.com.ar\/argentina\/wp-json\/wp\/v2\/types\/post"}],"author":[{"embeddable":true,"href":"http:\/\/argentinamunicipal.com.ar\/argentina\/wp-json\/wp\/v2\/users\/2"}],"replies":[{"embeddable":true,"href":"http:\/\/argentinamunicipal.com.ar\/argentina\/wp-json\/wp\/v2\/comments?post=34534"}],"version-history":[{"count":0,"href":"http:\/\/argentinamunicipal.com.ar\/argentina\/wp-json\/wp\/v2\/posts\/34534\/revisions"}],"wp:attachment":[{"href":"http:\/\/argentinamunicipal.com.ar\/argentina\/wp-json\/wp\/v2\/media?parent=34534"}],"wp:term":[{"taxonomy":"category","embeddable":true,"href":"http:\/\/argentinamunicipal.com.ar\/argentina\/wp-json\/wp\/v2\/categories?post=34534"},{"taxonomy":"post_tag","embeddable":true,"href":"http:\/\/argentinamunicipal.com.ar\/argentina\/wp-json\/wp\/v2\/tags?post=34534"}],"curies":[{"name":"wp","href":"https:\/\/api.w.org\/{rel}","templated":true}]}}