{"id":34551,"date":"2015-08-08T10:11:50","date_gmt":"2015-08-08T13:11:50","guid":{"rendered":"http:\/\/argentinamunicipal.com.ar\/argentina\/?p=34551"},"modified":"2015-08-08T10:11:50","modified_gmt":"2015-08-08T13:11:50","slug":"manana-se-estrenara-el-voto-joven-en-elecciones-presidenciales","status":"publish","type":"post","link":"http:\/\/argentinamunicipal.com.ar\/argentina\/manana-se-estrenara-el-voto-joven-en-elecciones-presidenciales\/","title":{"rendered":"Ma\u00f1ana se estrenar\u00e1 el voto joven en elecciones presidenciales"},"content":{"rendered":"<p>&nbsp;<\/p>\n<p><a href=\"http:\/\/argentinamunicipal.com.ar\/argentina\/wp-content\/uploads\/2015\/08\/10-voto-3-COL.jpg\"><img loading=\"lazy\" decoding=\"async\" class=\"aligncenter size-full wp-image-34553\" src=\"http:\/\/argentinamunicipal.com.ar\/argentina\/wp-content\/uploads\/2015\/08\/10-voto-3-COL.jpg\" alt=\"10-voto-3-COL\" width=\"630\" height=\"407\" srcset=\"http:\/\/argentinamunicipal.com.ar\/argentina\/wp-content\/uploads\/2015\/08\/10-voto-3-COL.jpg 630w, http:\/\/argentinamunicipal.com.ar\/argentina\/wp-content\/uploads\/2015\/08\/10-voto-3-COL-300x194.jpg 300w\" sizes=\"auto, (max-width: 630px) 100vw, 630px\" \/><\/a><\/p>\n<p>J\u00f3venes de 16 y 17 a\u00f1os podr\u00e1n elegir presidente, gobernador e intendente. La iniciativa se hab\u00eda estrenado en las Legislativas de 2013.<\/p>\n<p>En la provincia de Buenos Aires, m\u00e1s de 300 mil j\u00f3venes de 16 y 17 a\u00f1os est\u00e1n habilitados para participar en las PASO de ma\u00f1ana. La \u00fanica condici\u00f3n para que puedan emitir su voto es cumplir 16 a\u00f1os antes del 25 de octubre o ese mismo d\u00eda.<\/p>\n<p>Para sufragar, no es necesario inscribirse y podr\u00e1n hacerlo \u00absiempre y cuando hayan renovado su DNI antes del 28 de abril del 2015\u00bb, advirtieron desde la Direcci\u00f3n de Informaci\u00f3n y Capacitaci\u00f3n Electoral de la Direcci\u00f3n Nacional Electoral.<\/p>\n<p>A nivel nacional, en tanto, se espera que casi un mill\u00f3n de j\u00f3venes se acerque a las urnas por primera vez. Seg\u00fan datos oficiales, la cifra marca un incremento del 58% de votantes de esa franja etaria en relaci\u00f3n a las legislativas de 2013.<\/p>\n<p>En aquella oportunidad, hab\u00edan sido 592.334 los j\u00f3venes que se incorporaron tras la sanci\u00f3n de la ley 26.774 de Ciudadan\u00eda Argentina. Ahora son 933.998 quienes podr\u00e1n elegir si votar ma\u00f1ana o no. Representan un 2,9% del total del padr\u00f3n<\/p>\n<p>As\u00ed, de forma in\u00e9dita, j\u00f3venes de 16 y 17 a\u00f1os podr\u00e1n -optativamente- elegir presidente, gobernador e intendente, ya que hace dos a\u00f1os hab\u00edan asistido a las urnas para votar legisladores nacionales y provinciales y concejales municipales.<\/p>\n<h6>Fuente: InfoRegi\u00f3n<\/h6>\n","protected":false},"excerpt":{"rendered":"<p>&nbsp; J\u00f3venes de 16 y 17 a\u00f1os podr\u00e1n elegir presidente, gobernador e intendente. La iniciativa se hab\u00eda estrenado en las Legislativas de 2013. En la provincia de Buenos Aires, m\u00e1s de 300 mil j\u00f3venes de 16 y 17 a\u00f1os est\u00e1n habilitados para participar en las PASO de ma\u00f1ana. La \u00fanica condici\u00f3n para que puedan emitir<\/p>\n","protected":false},"author":2,"featured_media":34553,"comment_status":"closed","ping_status":"closed","sticky":false,"template":"","format":"standard","meta":{"footnotes":""},"categories":[4],"tags":[21],"class_list":["post-34551","post","type-post","status-publish","format-standard","has-post-thumbnail","hentry","category-informe-politico","tag-argentina"],"_links":{"self":[{"href":"http:\/\/argentinamunicipal.com.ar\/argentina\/wp-json\/wp\/v2\/posts\/34551","targetHints":{"allow":["GET"]}}],"collection":[{"href":"http:\/\/argentinamunicipal.com.ar\/argentina\/wp-json\/wp\/v2\/posts"}],"about":[{"href":"http:\/\/argentinamunicipal.com.ar\/argentina\/wp-json\/wp\/v2\/types\/post"}],"author":[{"embeddable":true,"href":"http:\/\/argentinamunicipal.com.ar\/argentina\/wp-json\/wp\/v2\/users\/2"}],"replies":[{"embeddable":true,"href":"http:\/\/argentinamunicipal.com.ar\/argentina\/wp-json\/wp\/v2\/comments?post=34551"}],"version-history":[{"count":0,"href":"http:\/\/argentinamunicipal.com.ar\/argentina\/wp-json\/wp\/v2\/posts\/34551\/revisions"}],"wp:featuredmedia":[{"embeddable":true,"href":"http:\/\/argentinamunicipal.com.ar\/argentina\/wp-json\/wp\/v2\/media\/34553"}],"wp:attachment":[{"href":"http:\/\/argentinamunicipal.com.ar\/argentina\/wp-json\/wp\/v2\/media?parent=34551"}],"wp:term":[{"taxonomy":"category","embeddable":true,"href":"http:\/\/argentinamunicipal.com.ar\/argentina\/wp-json\/wp\/v2\/categories?post=34551"},{"taxonomy":"post_tag","embeddable":true,"href":"http:\/\/argentinamunicipal.com.ar\/argentina\/wp-json\/wp\/v2\/tags?post=34551"}],"curies":[{"name":"wp","href":"https:\/\/api.w.org\/{rel}","templated":true}]}}