{"id":34652,"date":"2015-08-10T07:07:44","date_gmt":"2015-08-10T10:07:44","guid":{"rendered":"http:\/\/argentinamunicipal.com.ar\/argentina\/?p=34652"},"modified":"2015-08-10T10:09:55","modified_gmt":"2015-08-10T13:09:55","slug":"con-poco-en-juego-en-el-senado-y-mucho-en-diputados-para-el-frente-para-la-victoria","status":"publish","type":"post","link":"http:\/\/argentinamunicipal.com.ar\/argentina\/con-poco-en-juego-en-el-senado-y-mucho-en-diputados-para-el-frente-para-la-victoria\/","title":{"rendered":"Con poco en juego en el Senado y mucho en Diputados para el Frente para la Victoria"},"content":{"rendered":"<p><a href=\"http:\/\/argentinamunicipal.com.ar\/argentina\/wp-content\/uploads\/2015\/08\/212739_img.jpg\"><img loading=\"lazy\" decoding=\"async\" class=\"aligncenter  wp-image-34653\" src=\"http:\/\/argentinamunicipal.com.ar\/argentina\/wp-content\/uploads\/2015\/08\/212739_img.jpg\" alt=\"212739_img\" width=\"610\" height=\"366\" srcset=\"http:\/\/argentinamunicipal.com.ar\/argentina\/wp-content\/uploads\/2015\/08\/212739_img.jpg 870w, http:\/\/argentinamunicipal.com.ar\/argentina\/wp-content\/uploads\/2015\/08\/212739_img-300x180.jpg 300w\" sizes=\"auto, (max-width: 610px) 100vw, 610px\" \/><\/a><br \/>\nTras las Primarias, la tendencia indicar\u00eda que la fuerza encabezada por Cristina Fern\u00e1ndez de Kirchner conservar\u00eda la C\u00e1mara alta, pero pondr\u00eda en riesgo los esca\u00f1os del otro recinto en octubre pr\u00f3ximo. Delasotismo y macrismo, con mayor cantidad de candidatos a la general.<\/p>\n<p>Una de las fotograf\u00edas que dejaron las Paso celebradas ayer, est\u00e1 enfocada en el pr\u00f3ximo mapa del Congreso a partir del 11 de diciembre. Y aqu\u00ed, de cara a la elecci\u00f3n general de octubre, se da un escenario de ambig\u00fcedad para el Frente para la Victoria (FpV): porque en el Senado conservar\u00edan la mayor\u00eda sin inconvenientes, pero pondr\u00eda mucho en juego en Diputados.<\/p>\n<p>Al momento, de las 257 bancas que hay en la C\u00e1mara baja, al kirchnerismo le responden 119, de las cuales 77 se renuevan con los comicios de octubre. En tanto, en Senado, se toma en cuenta la elecci\u00f3n de 2009, donde no fue el bueno resultado del oficialismo a nivel nacional y consigui\u00f3 cuatro de las 24 que se pusieron en disputa. De manera tal que la apuesta en el caso de la C\u00e1mara alta, ser\u00eda todo a ganador para la fuerza liderada por Cristina Fern\u00e1ndez de Kirchner.<\/p>\n<p><strong>Diputados<\/strong><\/p>\n<p>Uno de los grandes bastiones del kirchnerismo es la C\u00e1mara de Diputados de la Naci\u00f3n. Por lo tanto, ser\u00e1 una de las claves de la elecci\u00f3n de octubre pr\u00f3ximo, siempre y cuando no se llegue al escenario de balotaje que postergue todo para noviembre. Si bien, como se mencion\u00f3 con anterioridad, el oficialismo cuenta con 119 esca\u00f1os, estos son puros, es decir bajo el sello de Frente para la Victoria. Pero si a ello le sumamos los aliados de las distintas provincias -como por ejemplo el Frente C\u00edvico de Santiago del Estero, que lidera el radical Gerardo Zamora- el n\u00famero aumenta.<\/p>\n<p>En consecuencia, de los 130 diputados que deben renovar mandato, el 57% pertenece al mismo color pol\u00edtico que la conducci\u00f3n actual de Casa Rosada. Y son los que se consiguieron con el hist\u00f3rico resultado de 2011 para CFK.<br \/>\nEn tanto, si el repaso alcanza a las otras fuerzas se debe considerar que, por ejemplo el radicalismo, la primera minor\u00eda en la C\u00e1mara baja, renueva 12 de las 35 bancas que posee en este momento. Mientras que el PRO, aliado eventual del centenario partido bajo el sello de \u2018Cambiemos\u2019, pone en juego cuatro de los 18 esca\u00f1os que posee en este momento; y el Frente Renovador, tras la buena elecci\u00f3n de Sergio Massa en 2013, arriesga cinco de las 15.<\/p>\n<p>Por su parte, y volviendo a los \u201csocios\u201d de la alianza tripartita nacional, una de las que no pone en peligro su banca es Elisa Carri\u00f3, la l\u00edder de la Coalici\u00f3n C\u00edvica y medi\u00e1tica opositora del oficialismo nacional. Mientras que en la misma situaci\u00f3n, pero con un perfil completamente distinto, se encuentra otra de las precandidatas de las Paso, la referente del GEN, Margarita Stolbizer.<\/p>\n<p>Por el lado de C\u00f3rdoba, el distrito renueva los nueve esca\u00f1os que se consiguieron con las elecciones de 2011: cuatro del FpV, dos del radicalismo, dos del Frente C\u00edvico y uno de Compromiso Federal.<\/p>\n<p>Cabe recordar que en aquel momento el PJ cordob\u00e9s, por decisi\u00f3n de Jos\u00e9 Manuel de la Sota, decidi\u00f3 ceder la lista al oficialismo nacional. Y as\u00ed fue como ingresaron a este recinto del Congreso Fabi\u00e1n Francioni y Nora Bedano -al cierre de esta edici\u00f3n, afuera de la carrera al Senado y Diputados, respectivamente-, Daniel Giacomino (actual candidato a intendente) y M\u00f3nica Guti\u00e9rrez.<\/p>\n<p>De todos modos, en las legislativas de 2013, el delasotismo fue con lista propia y logr\u00f3 que ingresaran Juan Schiaretti -hoy electo gobernador, con lo cual a partir del 11 de diciembre cede su banca al actual titular de la Agencia C\u00f3rdoba Deportes, Agust\u00edn Calleri-, Carlos Caserio y Blanca Rossi.<\/p>\n<p>En tanto, por el radicalismo asumieron Mario Negri y Patricia de Ferrari, con el caudillo buscando repetir desde el primer lugar de la lista de precandidatos a Diputados de \u2018Cambiemos\u2019 y con la militante del sur provincial, sin lugar en el armado 2015.<\/p>\n<p>Por su parte, Graciela Villata y Jorge Valinotto fueron los que asumieron en 2011 por el Frente C\u00edvico y no podr\u00e1n repetir; mientras que Edgar M\u00fcller ingres\u00f3 hace cuatro a\u00f1os de la mano de Adolfo Rodr\u00edguez Sa\u00e1 al Congreso.<\/p>\n<p>De esta manera, con los resultados de ayer, son cuatro los candidatos a diputados cordobeses por UNA que pelear\u00e1n en octubre. Carlos Massei, Adriana Nazario, Juan Brugge y Carlos Garetto. Misma cantidad para la alianza \u2018Cambiemos\u2019: Negri, Javier Pretto, Olga Rista y Leonor Mart\u00ednez Villada. Y Gabriela Est\u00e9vez por el FpV.<\/p>\n<p><strong>Senado<\/strong><\/p>\n<p>En la C\u00e1mara alta, la situaci\u00f3n representa poco con respecto a lo que tiene actualmente el oficialismo nacional, recordando la dura derrota de 2009.<\/p>\n<p>Pero con respecto a C\u00f3rdoba, son dos los que no continuar\u00e1n con sus mandatos a partir de diciembre: los del Frente C\u00edvico, Luis Juez (hoy oficializar\u00e1 su renuncia como candidato del acuerdo con el radicalismo y el PRO) y Norma Morandini. Y la radical Marta Borello.<\/p>\n<p>En tanto, tras las Paso, UNA tiene dos candidatos para pelear a la C\u00e1mara alta en octubre, Caserio y Amelia L\u00f3pez; y \u2018Cambiemos\u2019 pondr\u00e1 en la lista a la macrista Laura Rodr\u00edguez Machado, segunda del renunciante Juez.<\/p>\n<h6>Fuente: La Ma\u00f1ana de C\u00f3rdoba<\/h6>\n","protected":false},"excerpt":{"rendered":"<p>Tras las Primarias, la tendencia indicar\u00eda que la fuerza encabezada por Cristina Fern\u00e1ndez de Kirchner conservar\u00eda la C\u00e1mara alta, pero pondr\u00eda en riesgo los esca\u00f1os del otro recinto en octubre pr\u00f3ximo. Delasotismo y macrismo, con mayor cantidad de candidatos a la general. Una de las fotograf\u00edas que dejaron las Paso celebradas ayer, est\u00e1 enfocada en<\/p>\n","protected":false},"author":2,"featured_media":34653,"comment_status":"closed","ping_status":"closed","sticky":false,"template":"","format":"standard","meta":{"footnotes":""},"categories":[4],"tags":[21],"class_list":["post-34652","post","type-post","status-publish","format-standard","has-post-thumbnail","hentry","category-informe-politico","tag-argentina"],"_links":{"self":[{"href":"http:\/\/argentinamunicipal.com.ar\/argentina\/wp-json\/wp\/v2\/posts\/34652","targetHints":{"allow":["GET"]}}],"collection":[{"href":"http:\/\/argentinamunicipal.com.ar\/argentina\/wp-json\/wp\/v2\/posts"}],"about":[{"href":"http:\/\/argentinamunicipal.com.ar\/argentina\/wp-json\/wp\/v2\/types\/post"}],"author":[{"embeddable":true,"href":"http:\/\/argentinamunicipal.com.ar\/argentina\/wp-json\/wp\/v2\/users\/2"}],"replies":[{"embeddable":true,"href":"http:\/\/argentinamunicipal.com.ar\/argentina\/wp-json\/wp\/v2\/comments?post=34652"}],"version-history":[{"count":0,"href":"http:\/\/argentinamunicipal.com.ar\/argentina\/wp-json\/wp\/v2\/posts\/34652\/revisions"}],"wp:featuredmedia":[{"embeddable":true,"href":"http:\/\/argentinamunicipal.com.ar\/argentina\/wp-json\/wp\/v2\/media\/34653"}],"wp:attachment":[{"href":"http:\/\/argentinamunicipal.com.ar\/argentina\/wp-json\/wp\/v2\/media?parent=34652"}],"wp:term":[{"taxonomy":"category","embeddable":true,"href":"http:\/\/argentinamunicipal.com.ar\/argentina\/wp-json\/wp\/v2\/categories?post=34652"},{"taxonomy":"post_tag","embeddable":true,"href":"http:\/\/argentinamunicipal.com.ar\/argentina\/wp-json\/wp\/v2\/tags?post=34652"}],"curies":[{"name":"wp","href":"https:\/\/api.w.org\/{rel}","templated":true}]}}