{"id":34682,"date":"2015-08-11T09:17:26","date_gmt":"2015-08-11T12:17:26","guid":{"rendered":"http:\/\/argentinamunicipal.com.ar\/argentina\/?p=34682"},"modified":"2015-08-14T10:09:54","modified_gmt":"2015-08-14T13:09:54","slug":"promocion-laboral-de-la-municipalidad-de-rosario-ya-se-registraron-13-000-curriculum","status":"publish","type":"post","link":"http:\/\/argentinamunicipal.com.ar\/argentina\/promocion-laboral-de-la-municipalidad-de-rosario-ya-se-registraron-13-000-curriculum\/","title":{"rendered":"Promoci\u00f3n laboral de\u00a0la Municipalidad de Rosario: ya se registraron 13.000 curr\u00edculum"},"content":{"rendered":"<p><a href=\"http:\/\/argentinamunicipal.com.ar\/argentina\/wp-content\/uploads\/2015\/08\/mujer-escribiendo-en-computadora.jpeg\"><img loading=\"lazy\" decoding=\"async\" class=\"aligncenter  wp-image-34683\" src=\"http:\/\/argentinamunicipal.com.ar\/argentina\/wp-content\/uploads\/2015\/08\/mujer-escribiendo-en-computadora.jpeg\" alt=\"mujer-escribiendo-en-computadora\" width=\"702\" height=\"395\" srcset=\"http:\/\/argentinamunicipal.com.ar\/argentina\/wp-content\/uploads\/2015\/08\/mujer-escribiendo-en-computadora.jpeg 1920w, http:\/\/argentinamunicipal.com.ar\/argentina\/wp-content\/uploads\/2015\/08\/mujer-escribiendo-en-computadora-300x169.jpeg 300w, http:\/\/argentinamunicipal.com.ar\/argentina\/wp-content\/uploads\/2015\/08\/mujer-escribiendo-en-computadora-1024x576.jpeg 1024w\" sizes=\"auto, (max-width: 702px) 100vw, 702px\" \/><\/a><br \/>\nEn mayo la Municipalidad cre\u00f3 nueva plataforma digital para agilizar y facilitar la b\u00fasqueda de empleo, herramienta que ha venido demostrando alto grado de convocatoria<\/p>\n<p>Con el objetivo de profundizar y sumar herramientas para favorecer el acceso al empleo, la Municipalidad de Rosario cre\u00f3 en mayo pasado la posibilidad de realizar la carga online de curr\u00edculum a trav\u00e9s del sitio rosario.gob.ar.<\/p>\n<p>La plataforma est\u00e1 teniendo una gran repercusi\u00f3n y mucho uso por parte de los rosarinos, al punto que, desde entonces a la fecha, se han cargado m\u00e1s de trece mil perfiles, tanto de interesados que aspiran a un empleo, como de quienes se postulan para solicitudes particulares de empresas.<\/p>\n<p>El servicio p\u00fablico y gratuito de b\u00fasqueda de empleo funciona desde el a\u00f1o 2012, vinculando perfiles de gente que busca trabajo con solicitudes de personal de empresas privadas de la ciudad; la Direcci\u00f3n General de Empleo municipal analiza los perfiles, realiza entrevistas personales y hace una preselecci\u00f3n del personal de acuerdo a las demandas.<\/p>\n<p>Para sumar otra herramienta a este trabajo y hacerlo m\u00e1s din\u00e1mico se cre\u00f3 la plataforma de carga online de CV. El objetivo es que cada persona desde su computadora, celular o tablet, tenga la posibilidad de cargar su perfil en la base de datos de la Direcci\u00f3n General de Empleo. Describiendo detalladamente sus datos personales, su experiencia laboral, sus estudios y conocimientos, el interesado participa, de acuerdo a su perfil, en b\u00fasquedas de personal que realizan empresas privadas de la ciudad.<\/p>\n<p><strong>Los rubros que se destacan<\/strong><\/p>\n<p>Entre los trabajos para los que los inscriptos se postulan el rubro m\u00e1s destacado es el administrativo: el 38% de los anotados en la base de datos online lo hizo posicion\u00e1ndose para desarrollar tareas en ese rubro. En tanto otra gran parte (el 42%) no tiene ning\u00fan requerimiento en particular y prefiere postularse para \u201ccualquier ocupaci\u00f3n\u201d, mientras que los restantes se dividen entre puestos del rubro gastron\u00f3mico, metal\u00fargico, inform\u00e1tica y atenci\u00f3n al p\u00fablico, entre otros.<\/p>\n<h6>Fuente: Sin Mordaza<\/h6>\n","protected":false},"excerpt":{"rendered":"<p>En mayo la Municipalidad cre\u00f3 nueva plataforma digital para agilizar y facilitar la b\u00fasqueda de empleo, herramienta que ha venido demostrando alto grado de convocatoria<\/p>\n","protected":false},"author":2,"featured_media":34683,"comment_status":"closed","ping_status":"closed","sticky":false,"template":"","format":"standard","meta":{"footnotes":""},"categories":[2],"tags":[10],"class_list":["post-34682","post","type-post","status-publish","format-standard","has-post-thumbnail","hentry","category-informe-municipal","tag-santa-fe"],"_links":{"self":[{"href":"http:\/\/argentinamunicipal.com.ar\/argentina\/wp-json\/wp\/v2\/posts\/34682","targetHints":{"allow":["GET"]}}],"collection":[{"href":"http:\/\/argentinamunicipal.com.ar\/argentina\/wp-json\/wp\/v2\/posts"}],"about":[{"href":"http:\/\/argentinamunicipal.com.ar\/argentina\/wp-json\/wp\/v2\/types\/post"}],"author":[{"embeddable":true,"href":"http:\/\/argentinamunicipal.com.ar\/argentina\/wp-json\/wp\/v2\/users\/2"}],"replies":[{"embeddable":true,"href":"http:\/\/argentinamunicipal.com.ar\/argentina\/wp-json\/wp\/v2\/comments?post=34682"}],"version-history":[{"count":0,"href":"http:\/\/argentinamunicipal.com.ar\/argentina\/wp-json\/wp\/v2\/posts\/34682\/revisions"}],"wp:featuredmedia":[{"embeddable":true,"href":"http:\/\/argentinamunicipal.com.ar\/argentina\/wp-json\/wp\/v2\/media\/34683"}],"wp:attachment":[{"href":"http:\/\/argentinamunicipal.com.ar\/argentina\/wp-json\/wp\/v2\/media?parent=34682"}],"wp:term":[{"taxonomy":"category","embeddable":true,"href":"http:\/\/argentinamunicipal.com.ar\/argentina\/wp-json\/wp\/v2\/categories?post=34682"},{"taxonomy":"post_tag","embeddable":true,"href":"http:\/\/argentinamunicipal.com.ar\/argentina\/wp-json\/wp\/v2\/tags?post=34682"}],"curies":[{"name":"wp","href":"https:\/\/api.w.org\/{rel}","templated":true}]}}