{"id":34725,"date":"2015-08-11T10:09:07","date_gmt":"2015-08-11T13:09:07","guid":{"rendered":"http:\/\/argentinamunicipal.com.ar\/argentina\/?p=34725"},"modified":"2015-08-11T10:09:07","modified_gmt":"2015-08-11T13:09:07","slug":"el-oficialismo-obtendria-27-de-las-43-bancas-para-el-parlasur-segun-los-resultados-de-las-paso","status":"publish","type":"post","link":"http:\/\/argentinamunicipal.com.ar\/argentina\/el-oficialismo-obtendria-27-de-las-43-bancas-para-el-parlasur-segun-los-resultados-de-las-paso\/","title":{"rendered":"El oficialismo obtendr\u00eda 27 de las 43 bancas para el Parlasur, seg\u00fan los resultados de las PASO"},"content":{"rendered":"<p><a href=\"http:\/\/argentinamunicipal.com.ar\/argentina\/wp-content\/uploads\/2015\/08\/1403479030_12.jpg\"><img loading=\"lazy\" decoding=\"async\" class=\"aligncenter size-full wp-image-34726\" src=\"http:\/\/argentinamunicipal.com.ar\/argentina\/wp-content\/uploads\/2015\/08\/1403479030_12.jpg\" alt=\"1403479030_12\" width=\"660\" height=\"330\" srcset=\"http:\/\/argentinamunicipal.com.ar\/argentina\/wp-content\/uploads\/2015\/08\/1403479030_12.jpg 660w, http:\/\/argentinamunicipal.com.ar\/argentina\/wp-content\/uploads\/2015\/08\/1403479030_12-300x150.jpg 300w\" sizes=\"auto, (max-width: 660px) 100vw, 660px\" \/><\/a><br \/>\nEl Frente para la Victoria obtendr\u00eda esa cantidad de bancas a partir de la suma de las 19 conseguidas en esa cantidad de provincias y de las 8 que obtuvo en la categor\u00eda distrito \u00fanico, donde alcanz\u00f3 poco m\u00e1s del 38 por ciento.<\/p>\n<p>El Frente para la Victoria se quedar\u00eda con 27 de las 43 bancas que Argentina tendr\u00e1 en el Parlasur a partir del 10 de diciembre, si es que se repiten en las elecciones generales de octubre los resultados registrados ayer en las Primarias Abiertas, Simultaneas y Obligatorias (PASO).<\/p>\n<p>El oficialismo nacional obtendr\u00eda esa cantidad de bancas a partir de la suma de las 19 conseguidas en esa cantidad de provincias y de las 8 que obtuvo en la categor\u00eda distrito \u00fanico, donde alcanz\u00f3 poco m\u00e1s del 38 por ciento.<\/p>\n<p>En segundo lugar se ubic\u00f3 Cambiemos, que con casi el 31 por ciento consigui\u00f3 7 bancas por distrito \u00fanico y las dos por los triunfos conseguidos en Mendoza y en la Ciudad de Buenos Aires.<\/p>\n<p>UNA, el espacio de Sergio Massa y Jos\u00e9 de la Sota, lleg\u00f3 al tercer lugar con 5 bancas: 4 por distrito \u00fanico, en base al 20 por ciento de los votos, y la perteneciente a la provincia de C\u00f3rdoba.<\/p>\n<p>En cuarto lugar, con una banca perteneciente a su provincia, se ubic\u00f3 Compromiso Federal, el partido del peronismo de San Luis liderado por los hermanos Rodr\u00edguez Sa\u00e1.<\/p>\n<p>La banca restante la consigui\u00f3 una alianza que formaron en la provincia de Jujuy el Frente Renovador y Cambiemos, y que se impuso al Frente para la Victoria, m\u00e1s all\u00e1 de que en la elecci\u00f3n para presidente fue el oficialismo nacional el que se impuso.<\/p>\n<p>Con este escenario, a partir del 10 diciembre comenzar\u00edan a trabajar como representantes en el Parlasur, elegidos por distrito \u00fanico, los kirchneristas Jorge Taiana; Agust\u00edn Rossi; Teresa Parodi; Daniel Filmus; Milagro Sala; Eduardo Valdez, V\u00edctor Santa Mar\u00eda y Julia Peri\u00e9.<\/p>\n<p>Por Cambiemos lo integrar\u00e1n la referente de la Coalici\u00f3n C\u00edvica Mariana Zuvic; el macrista Fabi\u00e1n Rodr\u00edguez Sim\u00f3n, la radical Lilia Puig de Stubrin, el juecista Walter Nostrala, el duhaldista Osvaldo M\u00e9rcuri, la radical Mar\u00eda Luisa Storani y Daniel Ramundo.<br \/>\nLos 4 parlamentarios de UNA ser\u00e1n Jorge Vanossi, Sandra L\u00f3pez, Alberto Asseff y Hern\u00e1n Olivero.<\/p>\n<p>En tanto, entre los nombres elegidos por cada uno de los distritos se destacan el de Gabriel Mariotto (vicegobernador, Buenos Aires); Francisco P\u00e9rez (gobernador, Mendoza) y Gerardo Zamora (senador,Santiago del Estero), Jos\u00e9 L\u00f3pez (secretario de Obras P\u00fablicas,Tucum\u00e1n) y Oscar Parrilli (titular AFI, Neuqu\u00e9n), por el Frente para la Victoria.<\/p>\n<p>Sobre la buena elecci\u00f3n del FPV, Filmus, que actualmente ocupa la secretaria de Asuntos Relativos a las Islas Malvinas de la Canciller\u00eda, consider\u00f3 que \u00abel triunfo de ayer en la lista de candidatos para el Parlasur muestra el decidido apoyo de los argentinos al proceso de integraci\u00f3n regional que se inici\u00f3 con la recuperaci\u00f3n de la democracia en 1983 y hoy contin\u00faa como pol\u00edtica de Estado\u201d.<\/p>\n<p>\u201cEste proceso, que se profundiz\u00f3 a partir del No al ALCA impulsado por N\u00e9stor Kirchner en Mar del Plata y del que se est\u00e1n cumpliendo diez a\u00f1os, es una de las claves para continuar con el proceso de desarrollo y reindustrializaci\u00f3n que se lleva adelante desde el 2003 y hoy contin\u00faa liderando la presidenta Cristina Fern\u00e1ndez de Kirchner\u201d, agreg\u00f3 el funcionario.<\/p>\n<p>Por su parte, Jorge Taiana evalu\u00f3 que \u00abno existe un proceso de integraci\u00f3n exitoso en el mundo que no tenga una pata parlamentaria, por eso fortalecer el Parlasur, que es lo que est\u00e1 haciendo Argentina con la elecci\u00f3n directa de sus representantes, es una forma de fortalecer, acelerar y dar impulso a ese proceso\u00bb.<\/p>\n<p>Calific\u00f3, al igual que Filmus, de \u00abmuy importante la decisi\u00f3n pol\u00edtica que tom\u00f3 la Argentina y que impuls\u00f3 la presidenta Cristina Fern\u00e1ndez de Kirchner de aprobar la ley de elecci\u00f3n de los parlamentarios del Mercosur, porque es sin ninguna duda un indicador directo y claro de la voluntad de avanzar en la integraci\u00f3n en Argentina\u00bb.<\/p>\n<p>Asimismo, sostuvo que \u00abcon la creaci\u00f3n del Mercosur hubo mucha expectativa de avanzar r\u00e1pido\u00bb pero record\u00f3 que en esa \u00e9poca \u00aben el 91, justo comenzaba la d\u00e9cada de mayor auge del neoliberalismo\u00bb por lo cual \u00abhubo una interpretaci\u00f3n m\u00e1s mercantil que era lo que estaba de moda en esos a\u00f1os\u00bb.<\/p>\n<p>En contraposici\u00f3n, rescat\u00f3 que \u00abde esa experiencia se aprendi\u00f3 bastante y a partir del 2003\/2004, con los nuevos gobiernos en la regi\u00f3n y en particular con Lula (da Silva) en Brasil y con N\u00e9stor (Kirchner) en la Argentina se cambi\u00f3 esa visi\u00f3n por una mucho m\u00e1s integral del proceso de integraci\u00f3n\u00bb.<\/p>\n<h6>Fuente: T\u00e9lam<\/h6>\n","protected":false},"excerpt":{"rendered":"<p>El Frente para la Victoria obtendr\u00eda esa cantidad de bancas a partir de la suma de las 19 conseguidas en esa cantidad de provincias y de las 8 que obtuvo en la categor\u00eda distrito \u00fanico, donde alcanz\u00f3 poco m\u00e1s del 38 por ciento. El Frente para la Victoria se quedar\u00eda con 27 de las 43<\/p>\n","protected":false},"author":2,"featured_media":34726,"comment_status":"closed","ping_status":"closed","sticky":false,"template":"","format":"standard","meta":{"footnotes":""},"categories":[8],"tags":[21],"class_list":["post-34725","post","type-post","status-publish","format-standard","has-post-thumbnail","hentry","category-informe-nacional","tag-argentina"],"_links":{"self":[{"href":"http:\/\/argentinamunicipal.com.ar\/argentina\/wp-json\/wp\/v2\/posts\/34725","targetHints":{"allow":["GET"]}}],"collection":[{"href":"http:\/\/argentinamunicipal.com.ar\/argentina\/wp-json\/wp\/v2\/posts"}],"about":[{"href":"http:\/\/argentinamunicipal.com.ar\/argentina\/wp-json\/wp\/v2\/types\/post"}],"author":[{"embeddable":true,"href":"http:\/\/argentinamunicipal.com.ar\/argentina\/wp-json\/wp\/v2\/users\/2"}],"replies":[{"embeddable":true,"href":"http:\/\/argentinamunicipal.com.ar\/argentina\/wp-json\/wp\/v2\/comments?post=34725"}],"version-history":[{"count":0,"href":"http:\/\/argentinamunicipal.com.ar\/argentina\/wp-json\/wp\/v2\/posts\/34725\/revisions"}],"wp:featuredmedia":[{"embeddable":true,"href":"http:\/\/argentinamunicipal.com.ar\/argentina\/wp-json\/wp\/v2\/media\/34726"}],"wp:attachment":[{"href":"http:\/\/argentinamunicipal.com.ar\/argentina\/wp-json\/wp\/v2\/media?parent=34725"}],"wp:term":[{"taxonomy":"category","embeddable":true,"href":"http:\/\/argentinamunicipal.com.ar\/argentina\/wp-json\/wp\/v2\/categories?post=34725"},{"taxonomy":"post_tag","embeddable":true,"href":"http:\/\/argentinamunicipal.com.ar\/argentina\/wp-json\/wp\/v2\/tags?post=34725"}],"curies":[{"name":"wp","href":"https:\/\/api.w.org\/{rel}","templated":true}]}}