{"id":34766,"date":"2015-08-12T08:52:28","date_gmt":"2015-08-12T11:52:28","guid":{"rendered":"http:\/\/argentinamunicipal.com.ar\/argentina\/?p=34766"},"modified":"2015-08-12T08:52:28","modified_gmt":"2015-08-12T11:52:28","slug":"el-iapv-entrego-80-viviendas-del-vicoer-en-parana","status":"publish","type":"post","link":"http:\/\/argentinamunicipal.com.ar\/argentina\/el-iapv-entrego-80-viviendas-del-vicoer-en-parana\/","title":{"rendered":"El IAPV entreg\u00f3 80 viviendas del Vicoer en Paran\u00e1"},"content":{"rendered":"<p><a href=\"http:\/\/argentinamunicipal.com.ar\/argentina\/wp-content\/uploads\/2015\/08\/o_1439336001.jpg\"><img loading=\"lazy\" decoding=\"async\" class=\"aligncenter  wp-image-34767\" src=\"http:\/\/argentinamunicipal.com.ar\/argentina\/wp-content\/uploads\/2015\/08\/o_1439336001.jpg\" alt=\"o_1439336001\" width=\"606\" height=\"341\" srcset=\"http:\/\/argentinamunicipal.com.ar\/argentina\/wp-content\/uploads\/2015\/08\/o_1439336001.jpg 800w, http:\/\/argentinamunicipal.com.ar\/argentina\/wp-content\/uploads\/2015\/08\/o_1439336001-300x169.jpg 300w\" sizes=\"auto, (max-width: 606px) 100vw, 606px\" \/><\/a><br \/>\nLas mismas se encuentran ubicadas en Darwin y Crespo, incluyen dos dormitorios, cocina-comedor y ba\u00f1o, fueron ejecutadas por el IAPV, en el marco del Programa Federal Techo Digno.<\/p>\n<p>En el Sal\u00f3n de Actos del Consejo General de Educaci\u00f3n (CGE), el gobierno de Entre R\u00edos, entreg\u00f3 este martes 80 nuevas unidades habitacionales pertenecientes a la Cooperativa de Vivienda, Consumo, Servicios Sociales y Cr\u00e9dito Limitado (Vicoer) en la ciudad de Paran\u00e1. Las viviendas se encuentran ubicadas en Darwin y Crespo, incluyen dos dormitorios, cocina-comedor y ba\u00f1o, fueron ejecutadas por el Instituto Aut\u00e1rquico de Planeamiento y Vivienda (IAPV), en el marco del Programa Federal Techo Digno.<\/p>\n<p>La ceremonia cont\u00f3 con las presencias del presidente del IAPV, Oscar Marelli, la intendenta municipal, Blanca Osuna, el Vicepresidente del organismo, Alfredo Francolini, la titular del Consejo General de Educaci\u00f3n, Claudia Vallori , la Vocal de la repartici\u00f3n, Amalia Peroni, el Secretario del Bloque de Senadores provinciales del Partido Justicialista, Gustavo Osuna y el gerente de la Regional Oeste, Osvaldo Basso, entre otras autoridades.<\/p>\n<p>El titular del IAPV, Oscar Marelli afirm\u00f3 que \u00abcada vez que entregamos nuevas viviendas nace una sonrisa en cada familia y es una nueva oportunidad que el Gobierno tiene para cumplir con la palabra empe\u00f1ada. Deseamos que a partir de hoy puedan disfrutarla. El propio techo significa todo para la familia, subrayando que es una de las acciones que mayor satisfacci\u00f3n depara a quienes tienen una responsabilidad p\u00fablica\u00bb.<\/p>\n<p>El funcionario resalt\u00f3 \u00bb la tarea que desarrollan en forma conjunta la Naci\u00f3n, el gobierno entrerriano, los municipios entrerrianos y las entidades intermedias \u00abpara brindar respuestas integrales a nuestros habitantes, invirtiendo en la construcci\u00f3n de nuevas viviendas para asegurarles un futuro digno a sus hijos y nietos, que de otra manera les resultar\u00eda casi imposible lograrlo\u00bb.<\/p>\n<p>\u00abSeguimos trabajando desde el Estado para poder seguir entregando m\u00e1s viviendas, ejecutando pol\u00edticas inclusivas que generen mayor inversi\u00f3n, m\u00e1s trabajo y mejores condiciones de vida para los ciudadanos\u00bb, a\u00f1adi\u00f3 Marelli.<\/p>\n<p>Por su parte, la intendenta Blanca Osuna afirm\u00f3 que \u00abla entrega de viviendas es una de las tareas m\u00e1s gratificantes de nuestra labor cotidiana, de la mano del trabajo, la casa propia es uno de los sue\u00f1os que m\u00e1s nos desvelan a los argentinos, y est\u00e1 bien que as\u00ed sea, porque que las familias trabajadoras accedan a su techo propio es sin\u00f3nimo de dignidad\u00bb.<\/p>\n<p>Osuna destac\u00f3 \u00abla firme decisi\u00f3n del gobierno provincial de que la pol\u00edtica habitacional se consolide definitivamente en Entre R\u00edos y la expectativa que la ejecuci\u00f3n de estas obras genera en la ciudadan\u00eda, a partir de las soluciones habitacionales que se le brinda a los habitantes en cada una de las localidades a lo largo y ancho de nuestra geograf\u00eda\u00bb.<\/p>\n<p>En tanto, Luis Fita , uno de los beneficiaros, se\u00f1al\u00f3 que \u00abel acto de entrega de viviendas es un acto \u00fanico y fundamental para cada uno de los adjudicatarios que, a partir de hoy, podremos junto a nuestros hijos tener un lugar donde arraigarse y construir una vida en esta comunidad\u00bb. Agradeci\u00f3 a las autoridades del IAPV la predisposici\u00f3n y el trabajo desarrollado en forma conjunta \u00abpara llevar adelante este proyecto habitacional y a los nuevos vecinos por poder cumplir el sue\u00f1o de la casa propia\u00bb.<\/p>\n<h6>Fuente: El Once<\/h6>\n","protected":false},"excerpt":{"rendered":"<p>Las mismas se encuentran ubicadas en Darwin y Crespo, incluyen dos dormitorios, cocina-comedor y ba\u00f1o, fueron ejecutadas por el IAPV, en el marco del Programa Federal Techo Digno. En el Sal\u00f3n de Actos del Consejo General de Educaci\u00f3n (CGE), el gobierno de Entre R\u00edos, entreg\u00f3 este martes 80 nuevas unidades habitacionales pertenecientes a la Cooperativa<\/p>\n","protected":false},"author":2,"featured_media":34767,"comment_status":"closed","ping_status":"closed","sticky":false,"template":"","format":"standard","meta":{"footnotes":""},"categories":[2],"tags":[17],"class_list":["post-34766","post","type-post","status-publish","format-standard","has-post-thumbnail","hentry","category-informe-municipal","tag-entre-rios"],"_links":{"self":[{"href":"http:\/\/argentinamunicipal.com.ar\/argentina\/wp-json\/wp\/v2\/posts\/34766","targetHints":{"allow":["GET"]}}],"collection":[{"href":"http:\/\/argentinamunicipal.com.ar\/argentina\/wp-json\/wp\/v2\/posts"}],"about":[{"href":"http:\/\/argentinamunicipal.com.ar\/argentina\/wp-json\/wp\/v2\/types\/post"}],"author":[{"embeddable":true,"href":"http:\/\/argentinamunicipal.com.ar\/argentina\/wp-json\/wp\/v2\/users\/2"}],"replies":[{"embeddable":true,"href":"http:\/\/argentinamunicipal.com.ar\/argentina\/wp-json\/wp\/v2\/comments?post=34766"}],"version-history":[{"count":0,"href":"http:\/\/argentinamunicipal.com.ar\/argentina\/wp-json\/wp\/v2\/posts\/34766\/revisions"}],"wp:featuredmedia":[{"embeddable":true,"href":"http:\/\/argentinamunicipal.com.ar\/argentina\/wp-json\/wp\/v2\/media\/34767"}],"wp:attachment":[{"href":"http:\/\/argentinamunicipal.com.ar\/argentina\/wp-json\/wp\/v2\/media?parent=34766"}],"wp:term":[{"taxonomy":"category","embeddable":true,"href":"http:\/\/argentinamunicipal.com.ar\/argentina\/wp-json\/wp\/v2\/categories?post=34766"},{"taxonomy":"post_tag","embeddable":true,"href":"http:\/\/argentinamunicipal.com.ar\/argentina\/wp-json\/wp\/v2\/tags?post=34766"}],"curies":[{"name":"wp","href":"https:\/\/api.w.org\/{rel}","templated":true}]}}