{"id":34770,"date":"2015-08-12T08:59:03","date_gmt":"2015-08-12T11:59:03","guid":{"rendered":"http:\/\/argentinamunicipal.com.ar\/argentina\/?p=34770"},"modified":"2015-08-12T08:59:03","modified_gmt":"2015-08-12T11:59:03","slug":"la-municipalidad-de-parana-inaugurara-puntos-de-reciclado-para-recibir-los-residuos","status":"publish","type":"post","link":"http:\/\/argentinamunicipal.com.ar\/argentina\/la-municipalidad-de-parana-inaugurara-puntos-de-reciclado-para-recibir-los-residuos\/","title":{"rendered":"La Municipalidad de Paran\u00e1 inaugurar\u00e1 Puntos de Reciclado para recibir los residuos"},"content":{"rendered":"<p><a href=\"http:\/\/argentinamunicipal.com.ar\/argentina\/wp-content\/uploads\/2015\/08\/o_1439318514.jpg\"><img loading=\"lazy\" decoding=\"async\" class=\"aligncenter  wp-image-34771\" src=\"http:\/\/argentinamunicipal.com.ar\/argentina\/wp-content\/uploads\/2015\/08\/o_1439318514.jpg\" alt=\"o_1439318514\" width=\"635\" height=\"357\" srcset=\"http:\/\/argentinamunicipal.com.ar\/argentina\/wp-content\/uploads\/2015\/08\/o_1439318514.jpg 800w, http:\/\/argentinamunicipal.com.ar\/argentina\/wp-content\/uploads\/2015\/08\/o_1439318514-300x169.jpg 300w\" sizes=\"auto, (max-width: 635px) 100vw, 635px\" \/><\/a><br \/>\nEl Municipio de Paran\u00e1 estar\u00e1 presente en cuatro puntos de reciclado distribuidos en la Costanera, Plaza San Agust\u00edn, Plaza Francisco Ram\u00edrez y Parque Gazzano.<\/p>\n<p>A partir de este s\u00e1bado 15 de agosto, y todos los terceros s\u00e1bados de cada mes, el Municipio estar\u00e1 presente en cuatro puntos de reciclado distribuidos en la Costanera, Plaza San Agust\u00edn, Plaza Francisco Ram\u00edrez y Parque Gazzano. Trabajadores de la Cooperativa Nueva Vida recibir\u00e1n papel, cart\u00f3n, botellas de pl\u00e1stico y tapitas que acerquen los vecinos, y una vez reunidos los trasladar\u00e1n a la Planta de Residuos para su tratamiento.<\/p>\n<p>Como parte de la Gesti\u00f3n Integral de Residuos S\u00f3lidos Urbanos (GIRSU) que viene llevando adelante la Municipalidad de Paran\u00e1, se concreta una nueva etapa en este proceso gradual y sostenido con la inauguraci\u00f3n de cuatro Puntos de Reciclado en diferentes zonas de la ciudad.<\/p>\n<p>El objetivo es que los vecinos puedan llevar los residuos SECOS y limpios, como el papel, cart\u00f3n, pl\u00e1sticos y tapitas, y que sean posibles de reciclar. Los Puntos de Reciclado estar\u00e1n disponibles desde este s\u00e1bado 15 de agosto y todos los terceros s\u00e1bados de cada mes, de 15 a 18 horas, en la Costanera Baja (al lado del Club de Pescadores), en la Plaza San Agust\u00edn (donde los Promotores Ambientales estar\u00e1n realizando juegos ambientales para los ni\u00f1os del barrio que se acerquen), en la Plaza Francisco Ram\u00edrez (ubicada en Soler y Alte. Brown) y en el Parque Gazzano.<\/p>\n<p>Estos residuos ser\u00e1n recibidos por miembros de la Cooperativa Nueva Vida, y trasladados a la Planta de Clasificaci\u00f3n y Tratamiento \u00abManuel Belgrano\u00bb, ubicada en barrio San Mart\u00edn, en la zona del Volcadero.<br \/>\nDe este modo, el Municipio contin\u00faa impulsando la separaci\u00f3n de residuos domiciliarios, tarea que ya llevan adelante quienes viven en la Unidad Sur (espec\u00edficamente las vecinales Kentenich, Paracao, Lomas del Sur, Espejo y B\u00e1ez), y que acompa\u00f1a la disposici\u00f3n de contenedores met\u00e1licos y pl\u00e1sticos ya existentes en la ciudad.<\/p>\n<p>En ese sentido, la secretaria de Medio Ambiente, Juliana Robledo, destac\u00f3 que \u00abes un nuevo paso en materia de integrar distintas medidas relacionadas al cuidado del ambiente, la higiene urbana y la inclusi\u00f3n de los trabajadores de la Cooperativa. La posibilidad que brinda este nuevo servicio es para aquellos vecinos que quieren contribuir y comprometerse con el cuidado de la ciudad\u00bb, y agreg\u00f3 que \u00abes absolutamente necesario difundir estas medidas que complementan todo un sistema de gesti\u00f3n de residuos que progresivamente va ganando espacios en el ordenamiento y limpieza de la ciudad y en la mejora en la calidad de vida de los vecinos y trabajadores del Volcadero\u00bb.<\/p>\n<h6>Fuente: El Once<\/h6>\n","protected":false},"excerpt":{"rendered":"<p>El Municipio de Paran\u00e1 estar\u00e1 presente en cuatro puntos de reciclado distribuidos en la Costanera, Plaza San Agust\u00edn, Plaza Francisco Ram\u00edrez y Parque Gazzano. A partir de este s\u00e1bado 15 de agosto, y todos los terceros s\u00e1bados de cada mes, el Municipio estar\u00e1 presente en cuatro puntos de reciclado distribuidos en la Costanera, Plaza San<\/p>\n","protected":false},"author":2,"featured_media":34771,"comment_status":"closed","ping_status":"closed","sticky":false,"template":"","format":"standard","meta":{"footnotes":""},"categories":[2],"tags":[17],"class_list":["post-34770","post","type-post","status-publish","format-standard","has-post-thumbnail","hentry","category-informe-municipal","tag-entre-rios"],"_links":{"self":[{"href":"http:\/\/argentinamunicipal.com.ar\/argentina\/wp-json\/wp\/v2\/posts\/34770","targetHints":{"allow":["GET"]}}],"collection":[{"href":"http:\/\/argentinamunicipal.com.ar\/argentina\/wp-json\/wp\/v2\/posts"}],"about":[{"href":"http:\/\/argentinamunicipal.com.ar\/argentina\/wp-json\/wp\/v2\/types\/post"}],"author":[{"embeddable":true,"href":"http:\/\/argentinamunicipal.com.ar\/argentina\/wp-json\/wp\/v2\/users\/2"}],"replies":[{"embeddable":true,"href":"http:\/\/argentinamunicipal.com.ar\/argentina\/wp-json\/wp\/v2\/comments?post=34770"}],"version-history":[{"count":0,"href":"http:\/\/argentinamunicipal.com.ar\/argentina\/wp-json\/wp\/v2\/posts\/34770\/revisions"}],"wp:featuredmedia":[{"embeddable":true,"href":"http:\/\/argentinamunicipal.com.ar\/argentina\/wp-json\/wp\/v2\/media\/34771"}],"wp:attachment":[{"href":"http:\/\/argentinamunicipal.com.ar\/argentina\/wp-json\/wp\/v2\/media?parent=34770"}],"wp:term":[{"taxonomy":"category","embeddable":true,"href":"http:\/\/argentinamunicipal.com.ar\/argentina\/wp-json\/wp\/v2\/categories?post=34770"},{"taxonomy":"post_tag","embeddable":true,"href":"http:\/\/argentinamunicipal.com.ar\/argentina\/wp-json\/wp\/v2\/tags?post=34770"}],"curies":[{"name":"wp","href":"https:\/\/api.w.org\/{rel}","templated":true}]}}