{"id":34807,"date":"2015-08-13T08:31:20","date_gmt":"2015-08-13T11:31:20","guid":{"rendered":"http:\/\/argentinamunicipal.com.ar\/argentina\/?p=34807"},"modified":"2015-08-13T09:33:21","modified_gmt":"2015-08-13T12:33:21","slug":"cordoba-lluvias-provocan-danos-millonarios-en-la-produccion-rural-de-san-justo","status":"publish","type":"post","link":"http:\/\/argentinamunicipal.com.ar\/argentina\/cordoba-lluvias-provocan-danos-millonarios-en-la-produccion-rural-de-san-justo\/","title":{"rendered":"C\u00f3rdoba: Lluvias provocan da\u00f1os millonarios en la producci\u00f3n rural de San Justo"},"content":{"rendered":"<div id=\"attachment_34808\" style=\"width: 583px\" class=\"wp-caption aligncenter\"><a href=\"http:\/\/argentinamunicipal.com.ar\/argentina\/wp-content\/uploads\/2015\/08\/213069_img.jpg\"><img loading=\"lazy\" decoding=\"async\" aria-describedby=\"caption-attachment-34808\" class=\" wp-image-34808\" src=\"http:\/\/argentinamunicipal.com.ar\/argentina\/wp-content\/uploads\/2015\/08\/213069_img.jpg\" alt=\"En San Justo hay miles de hect\u00e1reas afectadas por las nuevas lluvias que se acumulan a las del verano.\" width=\"573\" height=\"344\" srcset=\"http:\/\/argentinamunicipal.com.ar\/argentina\/wp-content\/uploads\/2015\/08\/213069_img.jpg 870w, http:\/\/argentinamunicipal.com.ar\/argentina\/wp-content\/uploads\/2015\/08\/213069_img-300x180.jpg 300w\" sizes=\"auto, (max-width: 573px) 100vw, 573px\" \/><\/a><p id=\"caption-attachment-34808\" class=\"wp-caption-text\">En San Justo hay miles de hect\u00e1reas afectadas por las nuevas lluvias que se acumulan a las del verano.<\/p><\/div>\n<p>Se perdi\u00f3 gran parte de la cosecha de ma\u00edz y la superficie dedicada al trigo se redujo dr\u00e1sticamente.<\/p>\n<p>Seg\u00fan un relevamiento realizado por el Ministerio de Agricultura, Ganader\u00eda y Alimentos de C\u00f3rdoba en decenas de campos del departamento San Justo se perdi\u00f3 parte de la cosecha de ma\u00edz y la superficie dedicada al cultivo de trigo se redujo dr\u00e1sticamente debido a las abundantes lluvias ca\u00eddas en la regi\u00f3n en lo que va del a\u00f1o. El da\u00f1o no se limita a campos dedicados a la agricultura, sino que tambi\u00e9n est\u00e1n muy complicadas la ganader\u00eda y las explotaciones tamberas.<\/p>\n<p>En di\u00e1logo con LA MA\u00d1ANA, el responsable de la Agencia Zonal Las Varillas del Ministerio de Agricultura, Ganader\u00eda y Alimentos, Oscar Ciraolo indic\u00f3 que las lluvias de las \u00faltimas horas en la jurisdicci\u00f3n del ente p\u00fablico dejaron un promedio de 85 mm.<\/p>\n<p>\u201cComo tenemos la napa fre\u00e1tica tan alta, es igual a que haya llovido 200 mm. El suelo no absorbe m\u00e1s, entonces los caminos tienen 10 a 15 cm que est\u00e1n receptando el agua y enseguida viene la napa\u201d, explic\u00f3 el funcionario.<\/p>\n<p>En el centro y norte del departamento las precipitaciones dejaron registros m\u00e1s elevados como los 130 mm en San Francisco, 127 mm en Devoto y Freyre, 110 mm en Morteros y 105 mm en Brinkmann.<\/p>\n<p>Este aporte de humedad complic\u00f3 la situaci\u00f3n de los caminos y los campos cultivados, advirti\u00e9ndose una fuerte disminuci\u00f3n en la superficie sembrada con trigo. \u201cVan a quedar unas 50 a 60 mil hect\u00e1reas inutilizadas, que no se han cosechado en todo el departamento\u201d, apunt\u00f3 el funcionario del MAGyA. A esa cifra se llega con los campos abarcados por la emergencia agropecuaria y aquellos en los que no se pudo recoger la cosecha gruesa. \u201cHan quedado lotes de ma\u00edz en la zona de San Francisco o de Morteros que no se han levantado. Y al no levantarse esos lotes de ma\u00edz no se hizo el trigo arriba. Ese lote no va a producir recursos, van a quedar campos pr\u00e1cticamente inutilizados\u201d, resalt\u00f3 Ciraolo.<\/p>\n<p>Las estimaciones del MAGyA indican que la superficie a sembrar en el departamento San Justo ser\u00e1 de 180 mil hect\u00e1reas, lo que implica una disminuci\u00f3n de aproximadamente 100 mil hect\u00e1reas respecto a campa\u00f1as anteriores.<\/p>\n<p>En cuanto a la producci\u00f3n lechera, Ciraolo dijo: \u201cLa gente est\u00e1 renegando bastante\u201d. A las adversidades clim\u00e1ticas se suman la crisis por el precio de la leche y los problemas de infraestructura que generan el desaliento en los tamberos.<\/p>\n<p>Respecto al comportamiento de la Meteorolog\u00eda, el representante gubernamental manifest\u00f3: \u201cHemos superado todos los promedios de lluvias. Vamos a tener ahora un descanso de 15 a 20 d\u00edas en los que vamos a tener lluviecitas de 1 a 2 mm, con chubascos, pero estamos sufriendo la fuerte influencia de la sudestada en Buenos Aires. Por lo que se pronostica este va a ser un a\u00f1o muy h\u00famedo y hay que tomar los recaudos sobre qu\u00e9 tipo de cultivo trabajar y d\u00f3nde trabajarlo\u201d.<\/p>\n<h6>Fuente: La Ma\u00f1ana de C\u00f3rdoba<\/h6>\n","protected":false},"excerpt":{"rendered":"<p>Se perdi\u00f3 gran parte de la cosecha de ma\u00edz y la superficie dedicada al trigo se redujo dr\u00e1sticamente. Seg\u00fan un relevamiento realizado por el Ministerio de Agricultura, Ganader\u00eda y Alimentos de C\u00f3rdoba en decenas de campos del departamento San Justo se perdi\u00f3 parte de la cosecha de ma\u00edz y la superficie dedicada al cultivo de<\/p>\n","protected":false},"author":2,"featured_media":34808,"comment_status":"closed","ping_status":"closed","sticky":false,"template":"","format":"standard","meta":{"footnotes":""},"categories":[48],"tags":[3],"class_list":["post-34807","post","type-post","status-publish","format-standard","has-post-thumbnail","hentry","category-contingencias","tag-cordoba"],"_links":{"self":[{"href":"http:\/\/argentinamunicipal.com.ar\/argentina\/wp-json\/wp\/v2\/posts\/34807","targetHints":{"allow":["GET"]}}],"collection":[{"href":"http:\/\/argentinamunicipal.com.ar\/argentina\/wp-json\/wp\/v2\/posts"}],"about":[{"href":"http:\/\/argentinamunicipal.com.ar\/argentina\/wp-json\/wp\/v2\/types\/post"}],"author":[{"embeddable":true,"href":"http:\/\/argentinamunicipal.com.ar\/argentina\/wp-json\/wp\/v2\/users\/2"}],"replies":[{"embeddable":true,"href":"http:\/\/argentinamunicipal.com.ar\/argentina\/wp-json\/wp\/v2\/comments?post=34807"}],"version-history":[{"count":0,"href":"http:\/\/argentinamunicipal.com.ar\/argentina\/wp-json\/wp\/v2\/posts\/34807\/revisions"}],"wp:featuredmedia":[{"embeddable":true,"href":"http:\/\/argentinamunicipal.com.ar\/argentina\/wp-json\/wp\/v2\/media\/34808"}],"wp:attachment":[{"href":"http:\/\/argentinamunicipal.com.ar\/argentina\/wp-json\/wp\/v2\/media?parent=34807"}],"wp:term":[{"taxonomy":"category","embeddable":true,"href":"http:\/\/argentinamunicipal.com.ar\/argentina\/wp-json\/wp\/v2\/categories?post=34807"},{"taxonomy":"post_tag","embeddable":true,"href":"http:\/\/argentinamunicipal.com.ar\/argentina\/wp-json\/wp\/v2\/tags?post=34807"}],"curies":[{"name":"wp","href":"https:\/\/api.w.org\/{rel}","templated":true}]}}