{"id":34810,"date":"2015-08-21T09:37:00","date_gmt":"2015-08-21T12:37:00","guid":{"rendered":"http:\/\/argentinamunicipal.com.ar\/argentina\/?p=34810"},"modified":"2015-08-21T10:15:51","modified_gmt":"2015-08-21T13:15:51","slug":"rafaela-en-un-plan-nacional-sobre-seguridad-ciudadana","status":"publish","type":"post","link":"http:\/\/argentinamunicipal.com.ar\/argentina\/rafaela-en-un-plan-nacional-sobre-seguridad-ciudadana\/","title":{"rendered":"Rafaela en un Plan Nacional sobre Seguridad Ciudadana"},"content":{"rendered":"<p><a href=\"http:\/\/argentinamunicipal.com.ar\/argentina\/wp-content\/uploads\/2015\/08\/multimedia.grande.a3acac09bef3bac0.6772616e64652e6a7067.jpg\"><img loading=\"lazy\" decoding=\"async\" class=\"aligncenter  wp-image-34811\" src=\"http:\/\/argentinamunicipal.com.ar\/argentina\/wp-content\/uploads\/2015\/08\/multimedia.grande.a3acac09bef3bac0.6772616e64652e6a7067.jpg\" alt=\"multimedia.grande.a3acac09bef3bac0.6772616e64652e6a7067\" width=\"674\" height=\"379\" srcset=\"http:\/\/argentinamunicipal.com.ar\/argentina\/wp-content\/uploads\/2015\/08\/multimedia.grande.a3acac09bef3bac0.6772616e64652e6a7067.jpg 2000w, http:\/\/argentinamunicipal.com.ar\/argentina\/wp-content\/uploads\/2015\/08\/multimedia.grande.a3acac09bef3bac0.6772616e64652e6a7067-300x169.jpg 300w, http:\/\/argentinamunicipal.com.ar\/argentina\/wp-content\/uploads\/2015\/08\/multimedia.grande.a3acac09bef3bac0.6772616e64652e6a7067-1024x576.jpg 1024w\" sizes=\"auto, (max-width: 674px) 100vw, 674px\" \/><\/a><\/p>\n<p>En el marco de la agenda de actividades desarrolladas por el intendente Luis Castellano en su \u00faltimo viaje a Buenos Aires, tuvo lugar una reuni\u00f3n con Gonzalo Ruanova, secretario ejecutivo del Consejo de Seguridad Interior, dependiente del Ministerio de Seguridad de la Naci\u00f3n.<\/p>\n<p>El objetivo de la entrevista, de la que tambi\u00e9n participaron los funcionarios Andrea N\u00fa\u00f1ez y Carlos Matta, fue dar continuidad al proceso iniciado d\u00edas pasados con la visita a Rafaela de un equipo t\u00e9cnico enviado por la mencionada repartici\u00f3n y la Universidad Nacional de San Mart\u00edn, con el objeto de realizar un diagn\u00f3stico de la situaci\u00f3n de nuestro municipio en materia de seguridad ciudadana.<\/p>\n<p>Durante el encuentro, se convers\u00f3 acerca de algunos aspectos preliminares de dicho relevamiento, cuyo informe final se encuentra en elaboraci\u00f3n, y se anticiparon algunas acciones para emprender pr\u00f3ximamente.<\/p>\n<p>Uno de los puntos m\u00e1s importantes abordados en la charla, fue la inclusi\u00f3n de nuestra ciudad entre las cinco primeras localidades argentinas en ser beneficiadas con un aporte de la Corporaci\u00f3n Andina de Fomento (CAF), para la dotaci\u00f3n de nuevo equipamiento para fortalecer tareas de control y prevenci\u00f3n que se llevan a cabo a nivel ciudadano.<\/p>\n<p>Asimismo, se acord\u00f3 la concreci\u00f3n de capacitaciones al personal, a cargo de especialistas aportados por el Ministerio.<\/p>\n<p>Cabe recordar que esta iniciativa forma parte de la implementaci\u00f3n del \u00abPlan Nacional para la Planificaci\u00f3n y Gesti\u00f3n Local de la Seguridad Ciudadana\u00bb, que tiene por objeto reforzar las capacidades institucionales de los gobiernos locales del interior del pa\u00eds para prevenir delitos y hechos de violencia, a trav\u00e9s de la formulaci\u00f3n e implementaci\u00f3n de estrategias multiagenciales de seguridad ciudadana dise\u00f1adas espec\u00edficamente seg\u00fan las particularidades de cada ciudad.<\/p>\n<p>El plan de asistencia, que ser\u00e1 confeccionado conjuntamente entre el Ministerio y la Municipalidad, se orienta a brindar nuevas herramientas de prevenci\u00f3n del delito y optimizar los recursos disponibles desde el \u00e1mbito municipal, a fin de contribuir a su mejoramiento.<\/p>\n<h6>Fuente: La Opini\u00f3n<\/h6>\n","protected":false},"excerpt":{"rendered":"<p>En el marco de la agenda de actividades desarrolladas por el intendente Luis Castellano en su \u00faltimo viaje a Buenos Aires, tuvo lugar una reuni\u00f3n con Gonzalo Ruanova, secretario ejecutivo del Consejo de Seguridad Interior, dependiente del Ministerio de Seguridad de la Naci\u00f3n.<\/p>\n","protected":false},"author":2,"featured_media":34811,"comment_status":"closed","ping_status":"closed","sticky":false,"template":"","format":"standard","meta":{"footnotes":""},"categories":[49],"tags":[10],"class_list":["post-34810","post","type-post","status-publish","format-standard","has-post-thumbnail","hentry","category-seguridad","tag-santa-fe"],"_links":{"self":[{"href":"http:\/\/argentinamunicipal.com.ar\/argentina\/wp-json\/wp\/v2\/posts\/34810","targetHints":{"allow":["GET"]}}],"collection":[{"href":"http:\/\/argentinamunicipal.com.ar\/argentina\/wp-json\/wp\/v2\/posts"}],"about":[{"href":"http:\/\/argentinamunicipal.com.ar\/argentina\/wp-json\/wp\/v2\/types\/post"}],"author":[{"embeddable":true,"href":"http:\/\/argentinamunicipal.com.ar\/argentina\/wp-json\/wp\/v2\/users\/2"}],"replies":[{"embeddable":true,"href":"http:\/\/argentinamunicipal.com.ar\/argentina\/wp-json\/wp\/v2\/comments?post=34810"}],"version-history":[{"count":0,"href":"http:\/\/argentinamunicipal.com.ar\/argentina\/wp-json\/wp\/v2\/posts\/34810\/revisions"}],"wp:featuredmedia":[{"embeddable":true,"href":"http:\/\/argentinamunicipal.com.ar\/argentina\/wp-json\/wp\/v2\/media\/34811"}],"wp:attachment":[{"href":"http:\/\/argentinamunicipal.com.ar\/argentina\/wp-json\/wp\/v2\/media?parent=34810"}],"wp:term":[{"taxonomy":"category","embeddable":true,"href":"http:\/\/argentinamunicipal.com.ar\/argentina\/wp-json\/wp\/v2\/categories?post=34810"},{"taxonomy":"post_tag","embeddable":true,"href":"http:\/\/argentinamunicipal.com.ar\/argentina\/wp-json\/wp\/v2\/tags?post=34810"}],"curies":[{"name":"wp","href":"https:\/\/api.w.org\/{rel}","templated":true}]}}