{"id":34841,"date":"2015-08-13T10:19:33","date_gmt":"2015-08-13T13:19:33","guid":{"rendered":"http:\/\/argentinamunicipal.com.ar\/argentina\/?p=34841"},"modified":"2015-08-13T10:19:33","modified_gmt":"2015-08-13T13:19:33","slug":"la-agricultura-familiar-representa-el-66-por-ciento-de-los-productores-agropecuarios-de-nuestro-pais","status":"publish","type":"post","link":"http:\/\/argentinamunicipal.com.ar\/argentina\/la-agricultura-familiar-representa-el-66-por-ciento-de-los-productores-agropecuarios-de-nuestro-pais\/","title":{"rendered":"\u201cLa agricultura familiar representa el 66 por ciento de los productores agropecuarios de nuestro pa\u00eds\u201d"},"content":{"rendered":"<p><a href=\"http:\/\/argentinamunicipal.com.ar\/argentina\/wp-content\/uploads\/2015\/08\/jorge_nedela-132.jpg\"><img loading=\"lazy\" decoding=\"async\" class=\"aligncenter size-full wp-image-34842\" src=\"http:\/\/argentinamunicipal.com.ar\/argentina\/wp-content\/uploads\/2015\/08\/jorge_nedela-132.jpg\" alt=\"jorge_nedela-132\" width=\"610\" height=\"292\" srcset=\"http:\/\/argentinamunicipal.com.ar\/argentina\/wp-content\/uploads\/2015\/08\/jorge_nedela-132.jpg 610w, http:\/\/argentinamunicipal.com.ar\/argentina\/wp-content\/uploads\/2015\/08\/jorge_nedela-132-300x144.jpg 300w\" sizes=\"auto, (max-width: 610px) 100vw, 610px\" \/><\/a><br \/>\nLo asegur\u00f3 el ministro de Agricultura, Ganader\u00eda y Pesca de la Naci\u00f3n, Carlos Casamiquela, quien detall\u00f3 que producen el 20 por ciento del producto bruto agropecuario\u201d, lo que se calcula en una cifra de entre 7.500 y 8.000 millones de d\u00f3lares.<\/p>\n<p>Casamiquela indic\u00f3 que la agricultura familiar \u201ctiene la mayor recepci\u00f3n en t\u00e9rminos de oferta laboral, ya que el 53 por ciento del trabajo rural est\u00e1 absorbido\u201c por este sistema, y \u201cfundamentalmente tiene capacidad de ocupar territorio a lo largo y ancho del pa\u00eds\u201d.<\/p>\n<p>El funcionario nacional formul\u00f3 estos conceptos al hablar en el acto de apertura de la Quinta edici\u00f3n de Jornadas de Agricultura Familiar, que se realiza hoy y ma\u00f1ana en la sede de la Facultad de Ciencias Agrarias y Forestales de la Universidad de La Plata.<\/p>\n<p>Las Jornadas tienen el objetivo de generar un espacio que aporte hacia la construcci\u00f3n colectiva de este sector productivo que produce la mayor\u00eda de los alimentos que forman la mesa de las familias argentinas, y participan investigadores, docentes, estudiantes y organizaciones sociales campesinas de todo el pa\u00eds.<\/p>\n<p>Tambi\u00e9n hay mesas de exposici\u00f3n, muestra de energ\u00edas alternativas, feria de productos de la Agricultura Familiar y la Econom\u00eda social, adem\u00e1s de paneles con invitados especiales.<\/p>\n<p>Entre los temas que se abordar\u00e1n figuran: modelos de desarrollo y pol\u00edticas p\u00fablicas, educaci\u00f3n y formaci\u00f3n; soberan\u00eda alimentaria, agroecolog\u00eda, acceso al agua, normativas para la Agricultura Familiar, as\u00ed como su comercializaci\u00f3n y financiamiento.<\/p>\n<p>Casamiquela, en el aula magna de la sede universitaria, sostuvo que la agricultura familiar tiene diversas complejidades, y en ese sentido puso como ejemplo la situaci\u00f3n que se vive en el Area Metropolitana de Buenos Aires (Amba), y resalt\u00f3 que \u201centre Campana y La Plata, y el l\u00edmite de la ruta 6, conviven 13 millones de habitantes y 45.000 productores que diariamente generan el alimento cotidiano, unas 4.000 toneladas de frutas y hortalizas\u201d.<\/p>\n<p>\u201cY eso que no hablo de las econom\u00edas regionales del resto del pa\u00eds\u201d, manifest\u00f3 el ministro, tras lo cual se refiri\u00f3 que tambi\u00e9n un tema a tratar es el vinculado con los agroqu\u00edmicos. Posteriormente pidi\u00f3 \u201ccon humildad\u201d que la Universidad est\u00e9 atenta al dise\u00f1o de los perfiles profesionales.<\/p>\n<p>\u201cPorque cuando decimos que la agricultura familiar estuvo invisibilizada durante muchos a\u00f1os por todos los gobiernos, es que la Universidad estuvo formando profesionales para un determinado modo de operar la atenci\u00f3n agropecuaria en la Argentina\u201d, asever\u00f3.<\/p>\n<p>\u201cHoy la cosa pasa por otro lado y hay que estar atentos, hay que poner el mismo esfuerzo en aumentar la producci\u00f3n, en generar productos que garanticen la alimentaci\u00f3n, y hay que poner el mismo esfuerzo para garantizar un mecanismo de comercializaci\u00f3n\u201d, a\u00f1adi\u00f3.<\/p>\n<p>Reconoci\u00f3 que \u201choy la Universidad vuelve a estar comprometida con el desarrollo nacional\u201d, y record\u00f3 que \u201chace 20 a\u00f1os se hizo la primera feria\u201d de la Agricultura Familiar en Misiones \u201cy hoy hay 750 distribuidas en todo el pa\u00eds\u201d<\/p>\n<h6>Fuente: T\u00e9lam<\/h6>\n","protected":false},"excerpt":{"rendered":"<p>Lo asegur\u00f3 el ministro de Agricultura, Ganader\u00eda y Pesca de la Naci\u00f3n, Carlos Casamiquela, quien detall\u00f3 que producen el 20 por ciento del producto bruto agropecuario\u201d, lo que se calcula en una cifra de entre 7.500 y 8.000 millones de d\u00f3lares. Casamiquela indic\u00f3 que la agricultura familiar \u201ctiene la mayor recepci\u00f3n en t\u00e9rminos de oferta<\/p>\n","protected":false},"author":2,"featured_media":34842,"comment_status":"closed","ping_status":"closed","sticky":false,"template":"","format":"standard","meta":{"footnotes":""},"categories":[8],"tags":[21],"class_list":["post-34841","post","type-post","status-publish","format-standard","has-post-thumbnail","hentry","category-informe-nacional","tag-argentina"],"_links":{"self":[{"href":"http:\/\/argentinamunicipal.com.ar\/argentina\/wp-json\/wp\/v2\/posts\/34841","targetHints":{"allow":["GET"]}}],"collection":[{"href":"http:\/\/argentinamunicipal.com.ar\/argentina\/wp-json\/wp\/v2\/posts"}],"about":[{"href":"http:\/\/argentinamunicipal.com.ar\/argentina\/wp-json\/wp\/v2\/types\/post"}],"author":[{"embeddable":true,"href":"http:\/\/argentinamunicipal.com.ar\/argentina\/wp-json\/wp\/v2\/users\/2"}],"replies":[{"embeddable":true,"href":"http:\/\/argentinamunicipal.com.ar\/argentina\/wp-json\/wp\/v2\/comments?post=34841"}],"version-history":[{"count":0,"href":"http:\/\/argentinamunicipal.com.ar\/argentina\/wp-json\/wp\/v2\/posts\/34841\/revisions"}],"wp:featuredmedia":[{"embeddable":true,"href":"http:\/\/argentinamunicipal.com.ar\/argentina\/wp-json\/wp\/v2\/media\/34842"}],"wp:attachment":[{"href":"http:\/\/argentinamunicipal.com.ar\/argentina\/wp-json\/wp\/v2\/media?parent=34841"}],"wp:term":[{"taxonomy":"category","embeddable":true,"href":"http:\/\/argentinamunicipal.com.ar\/argentina\/wp-json\/wp\/v2\/categories?post=34841"},{"taxonomy":"post_tag","embeddable":true,"href":"http:\/\/argentinamunicipal.com.ar\/argentina\/wp-json\/wp\/v2\/tags?post=34841"}],"curies":[{"name":"wp","href":"https:\/\/api.w.org\/{rel}","templated":true}]}}