{"id":34850,"date":"2015-08-14T08:55:35","date_gmt":"2015-08-14T11:55:35","guid":{"rendered":"http:\/\/argentinamunicipal.com.ar\/argentina\/?p=34850"},"modified":"2015-08-14T08:55:35","modified_gmt":"2015-08-14T11:55:35","slug":"la-ciudad-de-santa-fe-contara-con-un-espacio-para-alojar-empresas-de-base-tecnologica","status":"publish","type":"post","link":"http:\/\/argentinamunicipal.com.ar\/argentina\/la-ciudad-de-santa-fe-contara-con-un-espacio-para-alojar-empresas-de-base-tecnologica\/","title":{"rendered":"La Ciudad de Santa Fe contar\u00e1 con un espacio para alojar empresas de base tecnol\u00f3gica"},"content":{"rendered":"<p><a href=\"http:\/\/argentinamunicipal.com.ar\/argentina\/wp-content\/uploads\/2015\/08\/niki.jpg_973718260.jpg\"><img loading=\"lazy\" decoding=\"async\" class=\"aligncenter  wp-image-34851\" src=\"http:\/\/argentinamunicipal.com.ar\/argentina\/wp-content\/uploads\/2015\/08\/niki.jpg_973718260.jpg\" alt=\"niki.jpg_973718260\" width=\"671\" height=\"468\" srcset=\"http:\/\/argentinamunicipal.com.ar\/argentina\/wp-content\/uploads\/2015\/08\/niki.jpg_973718260.jpg 789w, http:\/\/argentinamunicipal.com.ar\/argentina\/wp-content\/uploads\/2015\/08\/niki.jpg_973718260-300x209.jpg 300w\" sizes=\"auto, (max-width: 671px) 100vw, 671px\" \/><\/a><br \/>\nEl intendente Jos\u00e9 Corral particip\u00f3 hoy de la firma del convenio para construir un lugar que permita albergar a compa\u00f1\u00edas vinculadas a las tecnolog\u00edas de la informaci\u00f3n y la comunicaci\u00f3n (TIC). Se construir\u00e1 en un terreno cedido por la Universidad Nacional del Litoral al Parque Tecnol\u00f3gico Litoral Centro.<\/p>\n<p>El intendente Jos\u00e9 Corral particip\u00f3 este mediod\u00eda de la r\u00fabrica de un convenio asociativo entre la Universidad Nacional del Litoral (UNL) y el Parque Tecnol\u00f3gico del Litoral Centro (PTLC-SAPEM), para la construcci\u00f3n y administraci\u00f3n de un contenedor de empresas de base tecnol\u00f3gica en el \u00e1rea de las tecnolog\u00edas de la informaci\u00f3n y la comunicaci\u00f3n.<\/p>\n<p>El acuerdo fue rubricado por el rector de la UNL, Albor Cantard, y el presidente del PTLC, Enrique Mamarella, en el Sal\u00f3n de Usos M\u00faltiples del Parque (Ruta Nacional 168 &#8211; Paraje \u201cEl Pozo\u201d). El convenio es fruto de la comisi\u00f3n conformada en el a\u00f1o 2014, y que integra el Gobierno de la Ciudad, con el objetivo de analizar la viabilidad del proyecto que comienza a plasmarse ahora en terrenos de propiedad de la UNL lindantes al PTLC. La comisi\u00f3n est\u00e1 integrada, adem\u00e1s, por representantes del Gobierno de la Provincia, el Conicet y la UNL.<\/p>\n<p>Vale mencionar, que la iniciativa de crear un nuevo contenedor surge de observar el proceso social de gran reconversi\u00f3n en la utilizaci\u00f3n de las tecnolog\u00edas de la informaci\u00f3n y la comunicaci\u00f3n, lo que permite a las empresas producir m\u00e1s contenidos, a mayor velocidad y con mejor calidad en los productos y servicios, lo que trae aparejado una mayor competitividad en el mercado.<\/p>\n<p>Participaron del acto tambi\u00e9n el senador Hugo Marcucci; el secretario de Estado de Ciencia, Tecnolog\u00eda e Innovaci\u00f3n de la Provincia, David Asteggiano; el secretario de la Producci\u00f3n, Pablo Tabares; el decano de la Facultad Regional Santa Fe de la Universidad Tecnol\u00f3gica Nacional, Eduardo Donnet y el gerente general del PTLC, Amadeo Celino, entre otros funcionarios y autoridades.<\/p>\n<p><strong>Desarrollo local<\/strong><\/p>\n<p>El intendente Jos\u00e9 Corral celebr\u00f3 la firma del convenio \u201ccomo un nuevo paso que se da y que tiene que ver con lo que viene ocurriendo hace tiempo en Santa Fe, y que tiene que ver con el resultado de un trabajo sostenido de pol\u00edticas del Gobierno de la Ciudad, del Provincial, pero sobre todo de las instituciones cient\u00edfico tecnol\u00f3gicas. En esto Santa Fe fue pionera, y hoy tiene uno de los mejores parques tecnol\u00f3gicos del pa\u00eds, con facturaci\u00f3n, empleo y que adem\u00e1s est\u00e1 en permanente crecimiento\u201d.<\/p>\n<p>Adem\u00e1s, Jos\u00e9 Corral destac\u00f3 el desarrollo \u201cque tienen nuestras Universidades y los Institutos del Conicet en la generaci\u00f3n de software, de sistemas y de comunicaciones, que tienen que ver con los propios procesos de investigaci\u00f3n, pero tambi\u00e9n con aplicaciones m\u00e1s usuales y para la propia producci\u00f3n\u201d.<\/p>\n<p>\u201cHoy esto es una realidad econ\u00f3mica en la Ciudad, que cuando uno mira los n\u00fameros de exportaciones, producto bruto, de empleo, ve que el sector cient\u00edfico tecnol\u00f3gico tiene un lugar, y no es m\u00e1s un caso aislado, sino una realidad\u201d afirm\u00f3 el mandatario local.<\/p>\n<p><strong>Espacio dedicado<\/strong><\/p>\n<p>Por su parte, el rector de la UNL, Albor Cantard, explic\u00f3 que el acuerdo \u201cconsiste en la sesi\u00f3n de un terreno de la Universidad al Parque para permitir la construcci\u00f3n de un contenedor en el que se van a alojar empresas de bases tecnol\u00f3gicas vinculadas al \u00e1rea de la tecnolog\u00eda de la informaci\u00f3n y la comunicaci\u00f3n\u201d.<\/p>\n<p>En este sentido, cont\u00f3 que la iniciativa surgi\u00f3 de un an\u00e1lisis \u201cdonde se ha evaluado el gran crecimiento y desarrollo que ha tenido la industria de base tecnol\u00f3gica muy especialmente en la Ciudad y la regi\u00f3n; y la necesidad de darles un espacio donde llevar adelante estas propuestas empresarias, como se ha hecho con empresas vinculadas a la biotecnolog\u00eda, la veterinaria, la alimentaci\u00f3n y a tantas otras que le han cambiado el perfil productivo a la ciudad de Santa Fe\u201d.<\/p>\n<p><strong>Expansi\u00f3n<\/strong><\/p>\n<p>A su turno, Enrique Mamarella indic\u00f3 que la concreci\u00f3n del convenio \u201cva a permitir que el Parque Tecnol\u00f3gico Litoral Centro sea una marca y avance en el desarrollo territorial y espacial. Esperamos poder juntar la investigaci\u00f3n espec\u00edfica del Conicet, la docencia, investigaci\u00f3n y extensi\u00f3n de la Universidad; las industrias y \u00a0el conocimiento; todo en un solo terreno y permitir favorecer m\u00e1s a\u00fan las interacciones entre el Parque y la Ciudad Universitaria.<\/p>\n<p>Finalmente, el secretario de Estado, David Asteggiano, marc\u00f3 la firma del convenio como \u201cun hito importante en el desarrollo de Santa Fe, porque este contenedor le dar\u00e1 presencia y visibilidad como modelo e inspirador a nuevos emprendimientos de base tecnol\u00f3gica\u201d.<\/p>\n<h6>Fuente: Uno, Santa Fe<\/h6>\n","protected":false},"excerpt":{"rendered":"<p>El intendente Jos\u00e9 Corral particip\u00f3 hoy de la firma del convenio para construir un lugar que permita albergar a compa\u00f1\u00edas vinculadas a las tecnolog\u00edas de la informaci\u00f3n y la comunicaci\u00f3n (TIC). Se construir\u00e1 en un terreno cedido por la Universidad Nacional del Litoral al Parque Tecnol\u00f3gico Litoral Centro. El intendente Jos\u00e9 Corral particip\u00f3 este mediod\u00eda<\/p>\n","protected":false},"author":2,"featured_media":34851,"comment_status":"closed","ping_status":"closed","sticky":false,"template":"","format":"standard","meta":{"footnotes":""},"categories":[2],"tags":[10],"class_list":["post-34850","post","type-post","status-publish","format-standard","has-post-thumbnail","hentry","category-informe-municipal","tag-santa-fe"],"_links":{"self":[{"href":"http:\/\/argentinamunicipal.com.ar\/argentina\/wp-json\/wp\/v2\/posts\/34850","targetHints":{"allow":["GET"]}}],"collection":[{"href":"http:\/\/argentinamunicipal.com.ar\/argentina\/wp-json\/wp\/v2\/posts"}],"about":[{"href":"http:\/\/argentinamunicipal.com.ar\/argentina\/wp-json\/wp\/v2\/types\/post"}],"author":[{"embeddable":true,"href":"http:\/\/argentinamunicipal.com.ar\/argentina\/wp-json\/wp\/v2\/users\/2"}],"replies":[{"embeddable":true,"href":"http:\/\/argentinamunicipal.com.ar\/argentina\/wp-json\/wp\/v2\/comments?post=34850"}],"version-history":[{"count":0,"href":"http:\/\/argentinamunicipal.com.ar\/argentina\/wp-json\/wp\/v2\/posts\/34850\/revisions"}],"wp:featuredmedia":[{"embeddable":true,"href":"http:\/\/argentinamunicipal.com.ar\/argentina\/wp-json\/wp\/v2\/media\/34851"}],"wp:attachment":[{"href":"http:\/\/argentinamunicipal.com.ar\/argentina\/wp-json\/wp\/v2\/media?parent=34850"}],"wp:term":[{"taxonomy":"category","embeddable":true,"href":"http:\/\/argentinamunicipal.com.ar\/argentina\/wp-json\/wp\/v2\/categories?post=34850"},{"taxonomy":"post_tag","embeddable":true,"href":"http:\/\/argentinamunicipal.com.ar\/argentina\/wp-json\/wp\/v2\/tags?post=34850"}],"curies":[{"name":"wp","href":"https:\/\/api.w.org\/{rel}","templated":true}]}}